{"id":1078,"date":"2018-04-23T20:14:50","date_gmt":"2018-04-23T20:14:50","guid":{"rendered":"http:\/\/localhost\/observatorio\/?p=1078"},"modified":"2018-05-09T09:46:30","modified_gmt":"2018-05-09T09:46:30","slug":"prevencion-de-las-drogas-en-la-familia","status":"publish","type":"post","link":"https:\/\/www.seguridad.gob.sv\/cna\/?p=1078","title":{"rendered":"Prevenci\u00f3n de las Drogas en la Familia"},"content":{"rendered":"<div id=\"attachment_295\" style=\"width: 531px\" class=\"wp-caption aligncenter\"><a href=\"https:\/\/www.seguridad.gob.sv\/cna\/wp-content\/uploads\/2018\/04\/prevencion-de-drogas-en-familia.pdf\" target=\"_blank\" rel=\"noopener\"><img aria-describedby=\"caption-attachment-295\" decoding=\"async\" loading=\"lazy\" class=\"wp-image-295\" src=\"https:\/\/www.seguridad.gob.sv\/cna\/wp-content\/uploads\/2018\/04\/prevencion-de-las-drogas-en-la-familia.jpg\" alt=\"Formato PDF\" width=\"521\" height=\"672\" \/><\/a><p id=\"caption-attachment-295\" class=\"wp-caption-text\">Presione sobre la Imagen para descargar el archivo<\/p><\/div>\n<p>Presenta el fen\u00f3meno de las drogas en El Salvador as\u00ed como una gu\u00eda completa para toda la familia en cuanto a prevenci\u00f3n de drogas.<\/p>\n","protected":false},"excerpt":{"rendered":"<p>Presenta el fen\u00f3meno de las drogas en El Salvador as\u00ed como una gu\u00eda completa para toda la familia en cuanto a prevenci\u00f3n de drogas.<\/p>\n","protected":false},"author":1,"featured_media":1079,"comment_status":"open","ping_status":"open","sticky":false,"template":"","format":"standard","meta":[],"categories":[30],"tags":[],"_links":{"self":[{"href":"https:\/\/www.seguridad.gob.sv\/cna\/index.php?rest_route=\/wp\/v2\/posts\/1078"}],"collection":[{"href":"https:\/\/www.seguridad.gob.sv\/cna\/index.php?rest_route=\/wp\/v2\/posts"}],"about":[{"href":"https:\/\/www.seguridad.gob.sv\/cna\/index.php?rest_route=\/wp\/v2\/types\/post"}],"author":[{"embeddable":true,"href":"https:\/\/www.seguridad.gob.sv\/cna\/index.php?rest_route=\/wp\/v2\/users\/1"}],"replies":[{"embeddable":true,"href":"https:\/\/www.seguridad.gob.sv\/cna\/index.php?rest_route=%2Fwp%2Fv2%2Fcomments&post=1078"}],"version-history":[{"count":3,"href":"https:\/\/www.seguridad.gob.sv\/cna\/index.php?rest_route=\/wp\/v2\/posts\/1078\/revisions"}],"predecessor-version":[{"id":1616,"href":"https:\/\/www.seguridad.gob.sv\/cna\/index.php?rest_route=\/wp\/v2\/posts\/1078\/revisions\/1616"}],"wp:featuredmedia":[{"embeddable":true,"href":"https:\/\/www.seguridad.gob.sv\/cna\/index.php?rest_route=\/wp\/v2\/media\/1079"}],"wp:attachment":[{"href":"https:\/\/www.seguridad.gob.sv\/cna\/index.php?rest_route=%2Fwp%2Fv2%2Fmedia&parent=1078"}],"wp:term":[{"taxonomy":"category","embeddable":true,"href":"https:\/\/www.seguridad.gob.sv\/cna\/index.php?rest_route=%2Fwp%2Fv2%2Fcategories&post=1078"},{"taxonomy":"post_tag","embeddable":true,"href":"https:\/\/www.seguridad.gob.sv\/cna\/index.php?rest_route=%2Fwp%2Fv2%2Ftags&post=1078"}],"curies":[{"name":"wp","href":"https:\/\/api.w.org\/{rel}","templated":true}]}}