{"id":1096,"date":"2018-04-23T21:33:06","date_gmt":"2018-04-23T21:33:06","guid":{"rendered":"http:\/\/localhost\/observatorio\/?p=1096"},"modified":"2018-05-09T09:35:34","modified_gmt":"2018-05-09T09:35:34","slug":"segundo-estudio-nacional-sobre-consumo-de-sustancias-psicoactivas-en-poblacion-escolar-de-el-salvador-2008-abril-2010","status":"publish","type":"post","link":"https:\/\/www.seguridad.gob.sv\/cna\/?p=1096","title":{"rendered":"Segundo Estudio Nacional sobre Consumo de Sustancias Psicoactivas en Poblaci\u00f3n Escolar de El Salvador"},"content":{"rendered":"<div id=\"attachment_295\" style=\"width: 418px\" class=\"wp-caption aligncenter\"><a href=\"https:\/\/www.seguridad.gob.sv\/cna\/wp-content\/uploads\/2018\/04\/segundo-estudio-nacional-sobre-consumo-de-sustancias-psicoactivas.pdf\" target=\"_blank\" rel=\"noopener\"><img aria-describedby=\"caption-attachment-295\" decoding=\"async\" loading=\"lazy\" class=\"wp-image-295\" src=\"https:\/\/www.seguridad.gob.sv\/cna\/wp-content\/uploads\/2018\/04\/segundo-estudio-nacional-sobre-consumo-de-sustancias-psicoactivas.jpg\" alt=\"Formato PDF\" width=\"408\" height=\"528\" \/><\/a><p id=\"caption-attachment-295\" class=\"wp-caption-text\">Presione sobre la Imagen para descargar el archivo<\/p><\/div>\n<p style=\"text-align: justify;\">Este estudio fue realizado por el Gobierno de El Salvador, a trav\u00e9s de la Direcci\u00f3n Ejecutiva de la Comisi\u00f3n Nacional Antidrogas (CNA),el Ministerio de Educaci\u00f3n (MINED) y la Direcci\u00f3n General de Estad\u00edstica y Censos (DIGESTYC) del Ministerio de Econom\u00eda (MINEC). Con el apoyo del Observatorio Interamericano sobre Drogas de la Comisi\u00f3n Interamericana para el Control del Abuso de Drogas (CICAD) de la Organizaci\u00f3n de los Estados Americanos (OEA) en la definici\u00f3n de la muestra y asesor\u00eda t\u00e9cnica sobre la metodolog\u00eda SIDUC.<\/p>\n","protected":false},"excerpt":{"rendered":"<p>Este estudio fue realizado por el Gobierno de El Salvador, a trav\u00e9s de la Direcci\u00f3n Ejecutiva de la Comisi\u00f3n Nacional Antidrogas (CNA),el Ministerio de Educaci\u00f3n (MINED) y la Direcci\u00f3n General de Estad\u00edstica y Censos&#46;&#46;&#46;<\/p>\n","protected":false},"author":1,"featured_media":1097,"comment_status":"open","ping_status":"open","sticky":false,"template":"","format":"standard","meta":[],"categories":[30],"tags":[],"_links":{"self":[{"href":"https:\/\/www.seguridad.gob.sv\/cna\/index.php?rest_route=\/wp\/v2\/posts\/1096"}],"collection":[{"href":"https:\/\/www.seguridad.gob.sv\/cna\/index.php?rest_route=\/wp\/v2\/posts"}],"about":[{"href":"https:\/\/www.seguridad.gob.sv\/cna\/index.php?rest_route=\/wp\/v2\/types\/post"}],"author":[{"embeddable":true,"href":"https:\/\/www.seguridad.gob.sv\/cna\/index.php?rest_route=\/wp\/v2\/users\/1"}],"replies":[{"embeddable":true,"href":"https:\/\/www.seguridad.gob.sv\/cna\/index.php?rest_route=%2Fwp%2Fv2%2Fcomments&post=1096"}],"version-history":[{"count":2,"href":"https:\/\/www.seguridad.gob.sv\/cna\/index.php?rest_route=\/wp\/v2\/posts\/1096\/revisions"}],"predecessor-version":[{"id":1613,"href":"https:\/\/www.seguridad.gob.sv\/cna\/index.php?rest_route=\/wp\/v2\/posts\/1096\/revisions\/1613"}],"wp:featuredmedia":[{"embeddable":true,"href":"https:\/\/www.seguridad.gob.sv\/cna\/index.php?rest_route=\/wp\/v2\/media\/1097"}],"wp:attachment":[{"href":"https:\/\/www.seguridad.gob.sv\/cna\/index.php?rest_route=%2Fwp%2Fv2%2Fmedia&parent=1096"}],"wp:term":[{"taxonomy":"category","embeddable":true,"href":"https:\/\/www.seguridad.gob.sv\/cna\/index.php?rest_route=%2Fwp%2Fv2%2Fcategories&post=1096"},{"taxonomy":"post_tag","embeddable":true,"href":"https:\/\/www.seguridad.gob.sv\/cna\/index.php?rest_route=%2Fwp%2Fv2%2Ftags&post=1096"}],"curies":[{"name":"wp","href":"https:\/\/api.w.org\/{rel}","templated":true}]}}