{"id":1118,"date":"2018-04-24T15:10:58","date_gmt":"2018-04-24T15:10:58","guid":{"rendered":"http:\/\/localhost\/observatorio\/?p=1118"},"modified":"2018-05-09T09:25:55","modified_gmt":"2018-05-09T09:25:55","slug":"informe-nacional-sobre-drogas-de-el-salvador-2016","status":"publish","type":"post","link":"https:\/\/www.seguridad.gob.sv\/cna\/?p=1118","title":{"rendered":"Informe Nacional sobre Drogas de El Salvador, 2016"},"content":{"rendered":"<p><a href=\"https:\/\/www.seguridad.gob.sv\/cna\/wp-content\/uploads\/2018\/04\/Informe-Nac-s-Drogas-El-Salvador-2016-ISBN-E-Book.pdf\" target=\"_blank\" rel=\"noopener\"><img decoding=\"async\" loading=\"lazy\" class=\"aligncenter wp-image-667\" title=\"Presione sobre la imagen para descargar el documento\" src=\"https:\/\/www.seguridad.gob.sv\/cna\/wp-content\/uploads\/2014\/12\/informe-sobre-drogas-232x300.jpg\" alt=\"\" width=\"351\" height=\"454\" srcset=\"https:\/\/www.seguridad.gob.sv\/cna\/wp-content\/uploads\/2014\/12\/informe-sobre-drogas-232x300.jpg 232w, https:\/\/www.seguridad.gob.sv\/cna\/wp-content\/uploads\/2014\/12\/informe-sobre-drogas-768x994.jpg 768w, https:\/\/www.seguridad.gob.sv\/cna\/wp-content\/uploads\/2014\/12\/informe-sobre-drogas-791x1024.jpg 791w\" sizes=\"(max-width: 351px) 100vw, 351px\" \/><\/a><\/p>\n<p style=\"text-align: justify;\">Actualmente, el consumo mundial de drogas sigue generando problemas en la salud,la seguridad y el bienestar de toda la humanidad. Nuestras sociedades tienen el deber de enfrentar el problema del consumo y tr\u00e1fico de drogas, con el objetivo de tener ciudadanos productivos y saludables para cada uno de los pa\u00edses.<br \/>\nEl Salvador no es la excepci\u00f3n en la lucha contra este flagelo que destruye vidas completas. Tomando en cuenta lo que dice nuestra Constituci\u00f3n, en su art\u00edculo primero: \u201cEs obligaci\u00f3n del Estado asegurar a los habitantes de la Rep\u00fablica, el goce de la libertad, la salud, la cultura, el bienestar econ\u00f3mico y la justicia social\u201d, hoy presentamos la Estrategia Nacional Antidrogas 2016-2021, como parte del trabajo decidido que, como Estado salvadore\u00f1o, se viene realizando respecto al tema del combate y la prevenci\u00f3n del consumo de sustancias psicoactivas.<\/p>\n","protected":false},"excerpt":{"rendered":"<p>Actualmente, el consumo mundial de drogas sigue generando problemas en la salud,la seguridad y el bienestar de toda la humanidad. Nuestras sociedades tienen el deber de enfrentar el problema del consumo y tr\u00e1fico de&#46;&#46;&#46;<\/p>\n","protected":false},"author":1,"featured_media":667,"comment_status":"open","ping_status":"open","sticky":false,"template":"","format":"standard","meta":[],"categories":[30],"tags":[],"_links":{"self":[{"href":"https:\/\/www.seguridad.gob.sv\/cna\/index.php?rest_route=\/wp\/v2\/posts\/1118"}],"collection":[{"href":"https:\/\/www.seguridad.gob.sv\/cna\/index.php?rest_route=\/wp\/v2\/posts"}],"about":[{"href":"https:\/\/www.seguridad.gob.sv\/cna\/index.php?rest_route=\/wp\/v2\/types\/post"}],"author":[{"embeddable":true,"href":"https:\/\/www.seguridad.gob.sv\/cna\/index.php?rest_route=\/wp\/v2\/users\/1"}],"replies":[{"embeddable":true,"href":"https:\/\/www.seguridad.gob.sv\/cna\/index.php?rest_route=%2Fwp%2Fv2%2Fcomments&post=1118"}],"version-history":[{"count":3,"href":"https:\/\/www.seguridad.gob.sv\/cna\/index.php?rest_route=\/wp\/v2\/posts\/1118\/revisions"}],"predecessor-version":[{"id":1605,"href":"https:\/\/www.seguridad.gob.sv\/cna\/index.php?rest_route=\/wp\/v2\/posts\/1118\/revisions\/1605"}],"wp:featuredmedia":[{"embeddable":true,"href":"https:\/\/www.seguridad.gob.sv\/cna\/index.php?rest_route=\/wp\/v2\/media\/667"}],"wp:attachment":[{"href":"https:\/\/www.seguridad.gob.sv\/cna\/index.php?rest_route=%2Fwp%2Fv2%2Fmedia&parent=1118"}],"wp:term":[{"taxonomy":"category","embeddable":true,"href":"https:\/\/www.seguridad.gob.sv\/cna\/index.php?rest_route=%2Fwp%2Fv2%2Fcategories&post=1118"},{"taxonomy":"post_tag","embeddable":true,"href":"https:\/\/www.seguridad.gob.sv\/cna\/index.php?rest_route=%2Fwp%2Fv2%2Ftags&post=1118"}],"curies":[{"name":"wp","href":"https:\/\/api.w.org\/{rel}","templated":true}]}}