{"id":1227,"date":"2019-10-25T20:40:00","date_gmt":"2019-10-25T20:40:00","guid":{"rendered":"http:\/\/localhost\/observatorio\/?p=1227"},"modified":"2020-02-27T16:51:26","modified_gmt":"2020-02-27T16:51:26","slug":"estrategia-hemisferica-sobre-drogas-2016-2020","status":"publish","type":"post","link":"https:\/\/www.seguridad.gob.sv\/cna\/?p=1227","title":{"rendered":"Estrategia Hemisferica sobre Drogas 2016-2020"},"content":{"rendered":"<div id=\"attachment_295\" style=\"width: 530px\" class=\"wp-caption aligncenter\"><a href=\"https:\/\/www.seguridad.gob.sv\/cna\/wp-content\/uploads\/2018\/04\/ESTRATEGIA-HEMISF\u00c9RICA-SOBRE-DROGAS-2016-2020.pdf\" target=\"_blank\" rel=\"noopener noreferrer\"><img aria-describedby=\"caption-attachment-295\" decoding=\"async\" loading=\"lazy\" class=\"wp-image-295\" src=\"https:\/\/www.seguridad.gob.sv\/cna\/wp-content\/uploads\/2018\/04\/plan-de-accion-hemisferico-sobre-drogas-201-2020.jpg\" alt=\"Formato PDF\" width=\"520\" height=\"673\" \/><\/a><p id=\"caption-attachment-295\" class=\"wp-caption-text\">Presione sobre la Imagen para descargar el archivo<\/p><\/div>\n<p style=\"text-align: justify;\">Las manifestaciones en las Am\u00e9ricas del problema mundial de las drogas evidencian un fen\u00f3meno cada vez m\u00e1s complejo, din\u00e1mico y multicausal que genera efectos negativos en la salud, en la convivencia social, en la seguridad ciudadana, en la integridad de las instituciones democr\u00e1ticas, el desarrollo y las actividades econ\u00f3micas de los pa\u00edses de la regi\u00f3n, con costos pol\u00edticos, econ\u00f3micos, sociales y ambientales. Esto hace necesario un abordaje integral, equilibrado, multidisciplinario, basado en evidencia, que respete plenamente los derechos humanos y libertades fundamentales, y que tome en consideraci\u00f3n sus causas.<\/p>\n","protected":false},"excerpt":{"rendered":"<p>Las manifestaciones en las Am\u00e9ricas del problema mundial de las drogas evidencian un fen\u00f3meno cada vez m\u00e1s complejo, din\u00e1mico y multicausal que genera efectos negativos en la salud, en la convivencia social, en la&#46;&#46;&#46;<\/p>\n","protected":false},"author":1,"featured_media":1229,"comment_status":"open","ping_status":"open","sticky":false,"template":"","format":"standard","meta":[],"categories":[31],"tags":[],"_links":{"self":[{"href":"https:\/\/www.seguridad.gob.sv\/cna\/index.php?rest_route=\/wp\/v2\/posts\/1227"}],"collection":[{"href":"https:\/\/www.seguridad.gob.sv\/cna\/index.php?rest_route=\/wp\/v2\/posts"}],"about":[{"href":"https:\/\/www.seguridad.gob.sv\/cna\/index.php?rest_route=\/wp\/v2\/types\/post"}],"author":[{"embeddable":true,"href":"https:\/\/www.seguridad.gob.sv\/cna\/index.php?rest_route=\/wp\/v2\/users\/1"}],"replies":[{"embeddable":true,"href":"https:\/\/www.seguridad.gob.sv\/cna\/index.php?rest_route=%2Fwp%2Fv2%2Fcomments&post=1227"}],"version-history":[{"count":3,"href":"https:\/\/www.seguridad.gob.sv\/cna\/index.php?rest_route=\/wp\/v2\/posts\/1227\/revisions"}],"predecessor-version":[{"id":2262,"href":"https:\/\/www.seguridad.gob.sv\/cna\/index.php?rest_route=\/wp\/v2\/posts\/1227\/revisions\/2262"}],"wp:featuredmedia":[{"embeddable":true,"href":"https:\/\/www.seguridad.gob.sv\/cna\/index.php?rest_route=\/wp\/v2\/media\/1229"}],"wp:attachment":[{"href":"https:\/\/www.seguridad.gob.sv\/cna\/index.php?rest_route=%2Fwp%2Fv2%2Fmedia&parent=1227"}],"wp:term":[{"taxonomy":"category","embeddable":true,"href":"https:\/\/www.seguridad.gob.sv\/cna\/index.php?rest_route=%2Fwp%2Fv2%2Fcategories&post=1227"},{"taxonomy":"post_tag","embeddable":true,"href":"https:\/\/www.seguridad.gob.sv\/cna\/index.php?rest_route=%2Fwp%2Fv2%2Ftags&post=1227"}],"curies":[{"name":"wp","href":"https:\/\/api.w.org\/{rel}","templated":true}]}}