{"id":1233,"date":"2018-04-25T21:09:43","date_gmt":"2018-04-25T21:09:43","guid":{"rendered":"http:\/\/localhost\/observatorio\/?p=1233"},"modified":"2018-05-09T08:44:10","modified_gmt":"2018-05-09T08:44:10","slug":"documento-final-del-periodo-extraordinario-de-sesiones-de-la-asamblea-general-de-las-naciones-unidas-sobre-el-problema-mundial-de-las-drogas-celebrado-en-2016","status":"publish","type":"post","link":"https:\/\/www.seguridad.gob.sv\/cna\/?p=1233","title":{"rendered":"Documento Final del Per\u00edodo Extraordinario de Sesiones de la Asamblea General de las Naciones Unidas Sobre el Problema Mundial de las Drogas Celebrado en 2016"},"content":{"rendered":"<div id=\"attachment_295\" style=\"width: 524px\" class=\"wp-caption aligncenter\"><a href=\"https:\/\/www.seguridad.gob.sv\/cna\/wp-content\/uploads\/2018\/04\/V1603304-S.pdf\" target=\"_blank\" rel=\"noopener\"><img aria-describedby=\"caption-attachment-295\" decoding=\"async\" loading=\"lazy\" class=\"wp-image-295\" src=\"https:\/\/www.seguridad.gob.sv\/cna\/wp-content\/uploads\/2018\/04\/PeriodoExtraordinariodeSesionesDocFinal2016.jpg\" alt=\"Formato PDF\" width=\"514\" height=\"776\" \/><\/a><p id=\"caption-attachment-295\" class=\"wp-caption-text\">Presione sobre la Imagen para descargar el archivo<\/p><\/div>\n<p>&nbsp;<\/p>\n<p style=\"text-align: justify;\">Nosotros, los Jefes de Estado y de Gobierno, ministros y representantes de los Estados Miembros, estamos reunidos en la Sede de las Naciones Unidas del 19 al 21 de abril de 2016 con motivo del trig\u00e9simo per\u00edodo extraordinario de sesiones de la Asamblea General, convocado de conformidad con la resoluci\u00f3n 67\/193 de la Asamblea, de 20 de diciembre de 2012, para examinar los progresos en la aplicaci\u00f3n de la Declaraci\u00f3n Pol\u00edtica y Plan de Acci\u00f3n sobre Cooperaci\u00f3n Internacional en Favor de una Estrategia Integral y Equilibrada para Contrarrestar el Problema Mundial de las Drogas2, incluida una evaluaci\u00f3n de los logros y los retos en la tarea de contrarrestar el problema mundial de las drogas, en el marco de los tres tratados de fiscalizaci\u00f3n internacional de drogas y otros instrumentos pertinentes de las Naciones Unidas.<\/p>\n","protected":false},"excerpt":{"rendered":"<p>&nbsp; Nosotros, los Jefes de Estado y de Gobierno, ministros y representantes de los Estados Miembros, estamos reunidos en la Sede de las Naciones Unidas del 19 al 21 de abril de 2016 con&#46;&#46;&#46;<\/p>\n","protected":false},"author":1,"featured_media":1232,"comment_status":"open","ping_status":"open","sticky":false,"template":"","format":"standard","meta":[],"categories":[31],"tags":[],"_links":{"self":[{"href":"https:\/\/www.seguridad.gob.sv\/cna\/index.php?rest_route=\/wp\/v2\/posts\/1233"}],"collection":[{"href":"https:\/\/www.seguridad.gob.sv\/cna\/index.php?rest_route=\/wp\/v2\/posts"}],"about":[{"href":"https:\/\/www.seguridad.gob.sv\/cna\/index.php?rest_route=\/wp\/v2\/types\/post"}],"author":[{"embeddable":true,"href":"https:\/\/www.seguridad.gob.sv\/cna\/index.php?rest_route=\/wp\/v2\/users\/1"}],"replies":[{"embeddable":true,"href":"https:\/\/www.seguridad.gob.sv\/cna\/index.php?rest_route=%2Fwp%2Fv2%2Fcomments&post=1233"}],"version-history":[{"count":2,"href":"https:\/\/www.seguridad.gob.sv\/cna\/index.php?rest_route=\/wp\/v2\/posts\/1233\/revisions"}],"predecessor-version":[{"id":1583,"href":"https:\/\/www.seguridad.gob.sv\/cna\/index.php?rest_route=\/wp\/v2\/posts\/1233\/revisions\/1583"}],"wp:featuredmedia":[{"embeddable":true,"href":"https:\/\/www.seguridad.gob.sv\/cna\/index.php?rest_route=\/wp\/v2\/media\/1232"}],"wp:attachment":[{"href":"https:\/\/www.seguridad.gob.sv\/cna\/index.php?rest_route=%2Fwp%2Fv2%2Fmedia&parent=1233"}],"wp:term":[{"taxonomy":"category","embeddable":true,"href":"https:\/\/www.seguridad.gob.sv\/cna\/index.php?rest_route=%2Fwp%2Fv2%2Fcategories&post=1233"},{"taxonomy":"post_tag","embeddable":true,"href":"https:\/\/www.seguridad.gob.sv\/cna\/index.php?rest_route=%2Fwp%2Fv2%2Ftags&post=1233"}],"curies":[{"name":"wp","href":"https:\/\/api.w.org\/{rel}","templated":true}]}}