{"id":1667,"date":"2018-05-11T13:39:26","date_gmt":"2018-05-11T13:39:26","guid":{"rendered":"https:\/\/www.seguridad.gob.sv\/cna\/?p=1667"},"modified":"2018-05-11T13:45:26","modified_gmt":"2018-05-11T13:45:26","slug":"estudio-de-situacion-de-los-observatorios-nacionales-de-drogas-de-america-latina","status":"publish","type":"post","link":"https:\/\/www.seguridad.gob.sv\/cna\/?p=1667","title":{"rendered":"Estudio de situaci\u00f3n de los observatorios nacionales de drogas de America Latina"},"content":{"rendered":"<div id=\"attachment_295\" style=\"width: 569px\" class=\"wp-caption aligncenter\"><a href=\"https:\/\/www.seguridad.gob.sv\/cna\/wp-content\/uploads\/2018\/05\/COPOLAD_Estudio_de_situacion_Observatorios_Nacionales_Drogas.pdf\" target=\"_blank\" rel=\"noopener\"><img aria-describedby=\"caption-attachment-295\" decoding=\"async\" loading=\"lazy\" class=\"wp-image-295\" src=\"https:\/\/www.seguridad.gob.sv\/cna\/wp-content\/uploads\/2018\/05\/estudio-de-situacion-de-los-osd-nacionales-de-drogas-en-america-latina.jpg\" alt=\"Formato PDF\" width=\"559\" height=\"719\" \/><\/a><p id=\"caption-attachment-295\" class=\"wp-caption-text\">Presione sobre la Imagen para descargar el archivo<\/p><\/div>\n<p>&nbsp;<\/p>\n<p style=\"text-align: justify;\">El presente informe da cuenta del estudio <em>Mapeo de situaci\u00f3n de los Observatorios Nacionales de Drogas (ONO): estudio de situaci\u00f3n basal <\/em>y <em>de seguimiento <\/em>(2011-2016) <em>para los pa\u00edses de Am\u00e9rica Latina <\/em>y <em>del Caribe <\/em>realizado en el marco del Componente 1: &#8220;Consolidaci\u00f3n de los Observatorios Nacionales de Drogas&#8221; del Programa de Cooperaci\u00f3n entre Am\u00e9rica Latina, el Caribe y la Uni\u00f3n Europea en Pol\u00edticas sobre Drogas (COPOLAD 11).<\/p>\n","protected":false},"excerpt":{"rendered":"<p>&nbsp; El presente informe da cuenta del estudio Mapeo de situaci\u00f3n de los Observatorios Nacionales de Drogas (ONO): estudio de situaci\u00f3n basal y de seguimiento (2011-2016) para los pa\u00edses de Am\u00e9rica Latina y del&#46;&#46;&#46;<\/p>\n","protected":false},"author":1,"featured_media":1665,"comment_status":"open","ping_status":"open","sticky":false,"template":"","format":"standard","meta":[],"categories":[31],"tags":[],"_links":{"self":[{"href":"https:\/\/www.seguridad.gob.sv\/cna\/index.php?rest_route=\/wp\/v2\/posts\/1667"}],"collection":[{"href":"https:\/\/www.seguridad.gob.sv\/cna\/index.php?rest_route=\/wp\/v2\/posts"}],"about":[{"href":"https:\/\/www.seguridad.gob.sv\/cna\/index.php?rest_route=\/wp\/v2\/types\/post"}],"author":[{"embeddable":true,"href":"https:\/\/www.seguridad.gob.sv\/cna\/index.php?rest_route=\/wp\/v2\/users\/1"}],"replies":[{"embeddable":true,"href":"https:\/\/www.seguridad.gob.sv\/cna\/index.php?rest_route=%2Fwp%2Fv2%2Fcomments&post=1667"}],"version-history":[{"count":3,"href":"https:\/\/www.seguridad.gob.sv\/cna\/index.php?rest_route=\/wp\/v2\/posts\/1667\/revisions"}],"predecessor-version":[{"id":1670,"href":"https:\/\/www.seguridad.gob.sv\/cna\/index.php?rest_route=\/wp\/v2\/posts\/1667\/revisions\/1670"}],"wp:featuredmedia":[{"embeddable":true,"href":"https:\/\/www.seguridad.gob.sv\/cna\/index.php?rest_route=\/wp\/v2\/media\/1665"}],"wp:attachment":[{"href":"https:\/\/www.seguridad.gob.sv\/cna\/index.php?rest_route=%2Fwp%2Fv2%2Fmedia&parent=1667"}],"wp:term":[{"taxonomy":"category","embeddable":true,"href":"https:\/\/www.seguridad.gob.sv\/cna\/index.php?rest_route=%2Fwp%2Fv2%2Fcategories&post=1667"},{"taxonomy":"post_tag","embeddable":true,"href":"https:\/\/www.seguridad.gob.sv\/cna\/index.php?rest_route=%2Fwp%2Fv2%2Ftags&post=1667"}],"curies":[{"name":"wp","href":"https:\/\/api.w.org\/{rel}","templated":true}]}}