{"id":1902,"date":"2019-08-15T15:18:45","date_gmt":"2019-08-15T15:18:45","guid":{"rendered":"https:\/\/www.seguridad.gob.sv\/cna\/?p=1902"},"modified":"2019-08-15T15:18:45","modified_gmt":"2019-08-15T15:18:45","slug":"director-ejecutivo-inicio-las-visitas-a-los-centros-de-tratamiento","status":"publish","type":"post","link":"https:\/\/www.seguridad.gob.sv\/cna\/?p=1902","title":{"rendered":"Director ejecutivo inici\u00f3 las visitas a los Centros de Tratamiento"},"content":{"rendered":"<table style=\"border-collapse: collapse; width: 100%;\">\n<tbody>\n<tr>\n<td style=\"width: 41.0208%;\"><a href=\"https:\/\/www.seguridad.gob.sv\/cna\/wp-content\/uploads\/2019\/08\/foto-visita-2.jpg\"><img decoding=\"async\" loading=\"lazy\" class=\"wp-image-1904 aligncenter\" src=\"https:\/\/www.seguridad.gob.sv\/cna\/wp-content\/uploads\/2019\/08\/foto-visita-2.jpg\" alt=\"\" width=\"611\" height=\"418\" srcset=\"https:\/\/www.seguridad.gob.sv\/cna\/wp-content\/uploads\/2019\/08\/foto-visita-2.jpg 4608w, https:\/\/www.seguridad.gob.sv\/cna\/wp-content\/uploads\/2019\/08\/foto-visita-2-300x205.jpg 300w, https:\/\/www.seguridad.gob.sv\/cna\/wp-content\/uploads\/2019\/08\/foto-visita-2-768x525.jpg 768w, https:\/\/www.seguridad.gob.sv\/cna\/wp-content\/uploads\/2019\/08\/foto-visita-2-1024x700.jpg 1024w\" sizes=\"(max-width: 611px) 100vw, 611px\" \/><\/a><\/td>\n<td style=\"width: 13.7708%;\"><\/td>\n<td style=\"width: 45.2083%;\"><a href=\"https:\/\/www.seguridad.gob.sv\/cna\/wp-content\/uploads\/2019\/08\/foto-visita-3.png\"><img decoding=\"async\" loading=\"lazy\" class=\"alignnone size-full wp-image-1905\" src=\"https:\/\/www.seguridad.gob.sv\/cna\/wp-content\/uploads\/2019\/08\/foto-visita-3.png\" alt=\"\" width=\"1555\" height=\"855\" srcset=\"https:\/\/www.seguridad.gob.sv\/cna\/wp-content\/uploads\/2019\/08\/foto-visita-3.png 1555w, https:\/\/www.seguridad.gob.sv\/cna\/wp-content\/uploads\/2019\/08\/foto-visita-3-300x165.png 300w, https:\/\/www.seguridad.gob.sv\/cna\/wp-content\/uploads\/2019\/08\/foto-visita-3-768x422.png 768w, https:\/\/www.seguridad.gob.sv\/cna\/wp-content\/uploads\/2019\/08\/foto-visita-3-1024x563.png 1024w\" sizes=\"(max-width: 1555px) 100vw, 1555px\" \/><\/a><\/td>\n<\/tr>\n<\/tbody>\n<\/table>\n<p>&nbsp;<\/p>\n<p style=\"text-align: justify;\">El director ejecutivo inici\u00f3 las visitas a los Centros de Tratamiento, para conocer de primera mano las necesidades de dichos lugares y para exponer las estrategias de la CNA para trabajar con estos centros.<\/p>\n<p style=\"text-align: justify;\">Las visitas ser\u00e1n peri\u00f3dicas y se espera llegar a todo el pa\u00eds.<\/p>\n","protected":false},"excerpt":{"rendered":"<p>&nbsp; El director ejecutivo inici\u00f3 las visitas a los Centros de Tratamiento, para conocer de primera mano las necesidades de dichos lugares y para exponer las estrategias de la CNA para trabajar con estos&#46;&#46;&#46;<\/p>\n","protected":false},"author":1,"featured_media":1903,"comment_status":"open","ping_status":"open","sticky":false,"template":"","format":"standard","meta":[],"categories":[9],"tags":[],"_links":{"self":[{"href":"https:\/\/www.seguridad.gob.sv\/cna\/index.php?rest_route=\/wp\/v2\/posts\/1902"}],"collection":[{"href":"https:\/\/www.seguridad.gob.sv\/cna\/index.php?rest_route=\/wp\/v2\/posts"}],"about":[{"href":"https:\/\/www.seguridad.gob.sv\/cna\/index.php?rest_route=\/wp\/v2\/types\/post"}],"author":[{"embeddable":true,"href":"https:\/\/www.seguridad.gob.sv\/cna\/index.php?rest_route=\/wp\/v2\/users\/1"}],"replies":[{"embeddable":true,"href":"https:\/\/www.seguridad.gob.sv\/cna\/index.php?rest_route=%2Fwp%2Fv2%2Fcomments&post=1902"}],"version-history":[{"count":1,"href":"https:\/\/www.seguridad.gob.sv\/cna\/index.php?rest_route=\/wp\/v2\/posts\/1902\/revisions"}],"predecessor-version":[{"id":1906,"href":"https:\/\/www.seguridad.gob.sv\/cna\/index.php?rest_route=\/wp\/v2\/posts\/1902\/revisions\/1906"}],"wp:featuredmedia":[{"embeddable":true,"href":"https:\/\/www.seguridad.gob.sv\/cna\/index.php?rest_route=\/wp\/v2\/media\/1903"}],"wp:attachment":[{"href":"https:\/\/www.seguridad.gob.sv\/cna\/index.php?rest_route=%2Fwp%2Fv2%2Fmedia&parent=1902"}],"wp:term":[{"taxonomy":"category","embeddable":true,"href":"https:\/\/www.seguridad.gob.sv\/cna\/index.php?rest_route=%2Fwp%2Fv2%2Fcategories&post=1902"},{"taxonomy":"post_tag","embeddable":true,"href":"https:\/\/www.seguridad.gob.sv\/cna\/index.php?rest_route=%2Fwp%2Fv2%2Ftags&post=1902"}],"curies":[{"name":"wp","href":"https:\/\/api.w.org\/{rel}","templated":true}]}}