{"id":2002,"date":"2019-10-22T19:59:01","date_gmt":"2019-10-22T19:59:01","guid":{"rendered":"https:\/\/www.seguridad.gob.sv\/cna\/?p=2002"},"modified":"2019-10-22T20:57:19","modified_gmt":"2019-10-22T20:57:19","slug":"taller-las-politicas-de-drogas-en-el-marco-del-desarrollo-de-la-cicad_oea","status":"publish","type":"post","link":"https:\/\/www.seguridad.gob.sv\/cna\/?p=2002","title":{"rendered":"Taller Las Pol\u00edticas de Drogas en el Marco del Desarrollo de la CICAD_OEA"},"content":{"rendered":"<p><a href=\"https:\/\/www.seguridad.gob.sv\/cna\/wp-content\/uploads\/2019\/10\/DSC_0645.jpg\"><img decoding=\"async\" loading=\"lazy\" class=\"alignnone  wp-image-2006 aligncenter\" src=\"https:\/\/www.seguridad.gob.sv\/cna\/wp-content\/uploads\/2019\/10\/DSC_0645.jpg\" alt=\"\" width=\"644\" height=\"407\" srcset=\"https:\/\/www.seguridad.gob.sv\/cna\/wp-content\/uploads\/2019\/10\/DSC_0645.jpg 5892w, https:\/\/www.seguridad.gob.sv\/cna\/wp-content\/uploads\/2019\/10\/DSC_0645-300x190.jpg 300w, https:\/\/www.seguridad.gob.sv\/cna\/wp-content\/uploads\/2019\/10\/DSC_0645-768x485.jpg 768w, https:\/\/www.seguridad.gob.sv\/cna\/wp-content\/uploads\/2019\/10\/DSC_0645-1024x647.jpg 1024w\" sizes=\"(max-width: 644px) 100vw, 644px\" \/><\/a><\/p>\n<p>Participando en las reuniones del Taller &#8220;Las Pol\u00edticas de Drogas en el Marco del Desarrollo&#8221; de la CICAD_OEA, en Montevideo, Uruguay.<\/p>\n<p>La reuni\u00f3n busca dar alternativas integrales y sostenibles a los eslabones de producci\u00f3n y tr\u00e1fico il\u00edcito de Drogas y cuenta con el apoyo de la Cooperaci\u00f3n Espa\u00f1ola.<\/p>\n","protected":false},"excerpt":{"rendered":"<p>Participando en las reuniones del Taller &#8220;Las Pol\u00edticas de Drogas en el Marco del Desarrollo&#8221; de la CICAD_OEA, en Montevideo, Uruguay. La reuni\u00f3n busca dar alternativas integrales y sostenibles a los eslabones de producci\u00f3n&#46;&#46;&#46;<\/p>\n","protected":false},"author":1,"featured_media":2004,"comment_status":"open","ping_status":"open","sticky":false,"template":"","format":"standard","meta":[],"categories":[9],"tags":[],"_links":{"self":[{"href":"https:\/\/www.seguridad.gob.sv\/cna\/index.php?rest_route=\/wp\/v2\/posts\/2002"}],"collection":[{"href":"https:\/\/www.seguridad.gob.sv\/cna\/index.php?rest_route=\/wp\/v2\/posts"}],"about":[{"href":"https:\/\/www.seguridad.gob.sv\/cna\/index.php?rest_route=\/wp\/v2\/types\/post"}],"author":[{"embeddable":true,"href":"https:\/\/www.seguridad.gob.sv\/cna\/index.php?rest_route=\/wp\/v2\/users\/1"}],"replies":[{"embeddable":true,"href":"https:\/\/www.seguridad.gob.sv\/cna\/index.php?rest_route=%2Fwp%2Fv2%2Fcomments&post=2002"}],"version-history":[{"count":4,"href":"https:\/\/www.seguridad.gob.sv\/cna\/index.php?rest_route=\/wp\/v2\/posts\/2002\/revisions"}],"predecessor-version":[{"id":2008,"href":"https:\/\/www.seguridad.gob.sv\/cna\/index.php?rest_route=\/wp\/v2\/posts\/2002\/revisions\/2008"}],"wp:featuredmedia":[{"embeddable":true,"href":"https:\/\/www.seguridad.gob.sv\/cna\/index.php?rest_route=\/wp\/v2\/media\/2004"}],"wp:attachment":[{"href":"https:\/\/www.seguridad.gob.sv\/cna\/index.php?rest_route=%2Fwp%2Fv2%2Fmedia&parent=2002"}],"wp:term":[{"taxonomy":"category","embeddable":true,"href":"https:\/\/www.seguridad.gob.sv\/cna\/index.php?rest_route=%2Fwp%2Fv2%2Fcategories&post=2002"},{"taxonomy":"post_tag","embeddable":true,"href":"https:\/\/www.seguridad.gob.sv\/cna\/index.php?rest_route=%2Fwp%2Fv2%2Ftags&post=2002"}],"curies":[{"name":"wp","href":"https:\/\/api.w.org\/{rel}","templated":true}]}}