{"id":2009,"date":"2019-10-24T15:59:30","date_gmt":"2019-10-24T15:59:30","guid":{"rendered":"https:\/\/www.seguridad.gob.sv\/cna\/?p=2009"},"modified":"2019-10-24T15:59:30","modified_gmt":"2019-10-24T15:59:30","slug":"la-cna-se-reune-con-jefes-policiales-del-proyecto-aircop","status":"publish","type":"post","link":"https:\/\/www.seguridad.gob.sv\/cna\/?p=2009","title":{"rendered":"La CNA se re\u00fane con jefes policiales del Proyecto AIRCOP"},"content":{"rendered":"<p><a href=\"https:\/\/www.seguridad.gob.sv\/cna\/wp-content\/uploads\/2019\/10\/DSCN2686.jpg\"><img decoding=\"async\" loading=\"lazy\" class=\"wp-image-2010 aligncenter\" src=\"https:\/\/www.seguridad.gob.sv\/cna\/wp-content\/uploads\/2019\/10\/DSCN2686.jpg\" alt=\"\" width=\"851\" height=\"443\" srcset=\"https:\/\/www.seguridad.gob.sv\/cna\/wp-content\/uploads\/2019\/10\/DSCN2686.jpg 4504w, https:\/\/www.seguridad.gob.sv\/cna\/wp-content\/uploads\/2019\/10\/DSCN2686-300x156.jpg 300w, https:\/\/www.seguridad.gob.sv\/cna\/wp-content\/uploads\/2019\/10\/DSCN2686-768x400.jpg 768w, https:\/\/www.seguridad.gob.sv\/cna\/wp-content\/uploads\/2019\/10\/DSCN2686-1024x533.jpg 1024w\" sizes=\"(max-width: 851px) 100vw, 851px\" \/><\/a><\/p>\n<p style=\"text-align: justify;\">El pasado mi\u00e9rcoles 23 de octubre, la Direcci\u00f3n Ejecutiva de la Comisi\u00f3n Nacional Antidrogas llev\u00f3 a cabo una reuni\u00f3n con los jefes de las unidades policiales que forman parte del Proyecto AIRCOP, El Salvador.<\/p>\n<p style=\"text-align: justify;\">La reuni\u00f3n cont\u00f3 con representantes de la Divisi\u00f3n de Seguridad Fronteriza, Divisi\u00f3n Antinarc\u00f3ticos, Divisi\u00f3n de Investigaci\u00f3n Patrimonial de Extinci\u00f3n de Dominio y Delitos Financieros, Divisi\u00f3n \u00c9lite contra el Crimen Organizado, Divisi\u00f3n Central de Investigaciones; el Jefe de Seguridad del Aeropuerto Internacional de El Salvador; representantes del GTCIA\/AIRCOP y funcionarios de la Direcci\u00f3n de Cooperaci\u00f3n Internacional del Ministerio de Justicia y Seguridad P\u00fablica.<\/p>\n<p style=\"text-align: justify;\">\u00a0En la reuni\u00f3n el Director Ejecutivo de la CNA, Lic. Eduardo Loyola, explic\u00f3 que la reuni\u00f3n busca un primer acercamiento con los jefes de la Unidades policiales que conforman el proyecto AIRCOP y darles a conocer en qu\u00e9 consiste dicho proyecto. Seguidamente, se cont\u00f3 con la presentaci\u00f3n de Actividades del Grupo, a cargo del se\u00f1or Julio Hern\u00e1ndez, representante del GTCIA\/AIRCOP. De igual forma, se presentaron los principales resultados del Proyecto, expuestos por el comisionado Gabriel Antonio Mayorga, coordinador general del Grupo de Tareas Conjuntas de Interdicci\u00f3n Aeroportuaria (GTCIA).<\/p>\n","protected":false},"excerpt":{"rendered":"<p>El pasado mi\u00e9rcoles 23 de octubre, la Direcci\u00f3n Ejecutiva de la Comisi\u00f3n Nacional Antidrogas llev\u00f3 a cabo una reuni\u00f3n con los jefes de las unidades policiales que forman parte del Proyecto AIRCOP, El Salvador.&#46;&#46;&#46;<\/p>\n","protected":false},"author":1,"featured_media":2011,"comment_status":"open","ping_status":"open","sticky":false,"template":"","format":"standard","meta":[],"categories":[9],"tags":[],"_links":{"self":[{"href":"https:\/\/www.seguridad.gob.sv\/cna\/index.php?rest_route=\/wp\/v2\/posts\/2009"}],"collection":[{"href":"https:\/\/www.seguridad.gob.sv\/cna\/index.php?rest_route=\/wp\/v2\/posts"}],"about":[{"href":"https:\/\/www.seguridad.gob.sv\/cna\/index.php?rest_route=\/wp\/v2\/types\/post"}],"author":[{"embeddable":true,"href":"https:\/\/www.seguridad.gob.sv\/cna\/index.php?rest_route=\/wp\/v2\/users\/1"}],"replies":[{"embeddable":true,"href":"https:\/\/www.seguridad.gob.sv\/cna\/index.php?rest_route=%2Fwp%2Fv2%2Fcomments&post=2009"}],"version-history":[{"count":1,"href":"https:\/\/www.seguridad.gob.sv\/cna\/index.php?rest_route=\/wp\/v2\/posts\/2009\/revisions"}],"predecessor-version":[{"id":2012,"href":"https:\/\/www.seguridad.gob.sv\/cna\/index.php?rest_route=\/wp\/v2\/posts\/2009\/revisions\/2012"}],"wp:featuredmedia":[{"embeddable":true,"href":"https:\/\/www.seguridad.gob.sv\/cna\/index.php?rest_route=\/wp\/v2\/media\/2011"}],"wp:attachment":[{"href":"https:\/\/www.seguridad.gob.sv\/cna\/index.php?rest_route=%2Fwp%2Fv2%2Fmedia&parent=2009"}],"wp:term":[{"taxonomy":"category","embeddable":true,"href":"https:\/\/www.seguridad.gob.sv\/cna\/index.php?rest_route=%2Fwp%2Fv2%2Fcategories&post=2009"},{"taxonomy":"post_tag","embeddable":true,"href":"https:\/\/www.seguridad.gob.sv\/cna\/index.php?rest_route=%2Fwp%2Fv2%2Ftags&post=2009"}],"curies":[{"name":"wp","href":"https:\/\/api.w.org\/{rel}","templated":true}]}}