{"id":3180,"date":"2021-02-01T14:31:22","date_gmt":"2021-02-01T14:31:22","guid":{"rendered":"https:\/\/www.seguridad.gob.sv\/cna\/?p=3180"},"modified":"2021-02-01T14:33:37","modified_gmt":"2021-02-01T14:33:37","slug":"cna-firma-convenio-para-creacion-de-centro-residencial-especializado","status":"publish","type":"post","link":"https:\/\/www.seguridad.gob.sv\/cna\/?p=3180","title":{"rendered":"CNA firma convenio para creaci\u00f3n de Centro Residencial Especializado"},"content":{"rendered":"<div id=\"pl-3180\"  class=\"panel-layout\" ><div id=\"pg-3180-0\"  class=\"panel-grid panel-no-style\" ><div id=\"pgc-3180-0-0\"  class=\"panel-grid-cell\" ><div id=\"panel-3180-0-0-0\" class=\"so-panel widget widget_black-studio-tinymce widget_black_studio_tinymce panel-first-child panel-last-child\" data-index=\"0\" ><div class=\"textwidget\"><p><a href=\"https:\/\/www.seguridad.gob.sv\/cna\/wp-content\/uploads\/2021\/02\/144473906_495590195176335_6115586346186083560_o.jpg\"><img class=\"alignnone size-large wp-image-3178\" src=\"https:\/\/www.seguridad.gob.sv\/cna\/wp-content\/uploads\/2021\/02\/144473906_495590195176335_6115586346186083560_o-1024x768.jpg\" alt=\"\" width=\"1024\" height=\"768\" \/><\/a><\/p>\n<\/div><\/div><\/div><div id=\"pgc-3180-0-1\"  class=\"panel-grid-cell\" ><div id=\"panel-3180-0-1-0\" class=\"so-panel widget widget_black-studio-tinymce widget_black_studio_tinymce panel-first-child panel-last-child\" data-index=\"1\" ><div class=\"textwidget\"><p><a href=\"https:\/\/www.seguridad.gob.sv\/cna\/wp-content\/uploads\/2021\/02\/144777605_495590975176257_4912397999365033357_o.jpg\"><img class=\"alignnone size-large wp-image-3179\" src=\"https:\/\/www.seguridad.gob.sv\/cna\/wp-content\/uploads\/2021\/02\/144777605_495590975176257_4912397999365033357_o-1024x768.jpg\" alt=\"\" width=\"1024\" height=\"768\" \/><\/a><\/p>\n<\/div><\/div><\/div><\/div><div id=\"pg-3180-1\"  class=\"panel-grid panel-no-style\" ><div id=\"pgc-3180-1-0\"  class=\"panel-grid-cell\" ><div id=\"panel-3180-1-0-0\" class=\"so-panel widget widget_black-studio-tinymce widget_black_studio_tinymce panel-first-child panel-last-child\" data-index=\"2\" ><div class=\"textwidget\"><p style=\"text-align: justify;\"><span style=\"font-size: 14pt;\">El d\u00eda de ayer, el Director Ejecutivo de la <span style=\"color: #0000ff;\"><a style=\"color: #0000ff;\" href=\"https:\/\/www.facebook.com\/hashtag\/cna?__eep__=6&amp;__cft__%5b0%5d=AZVAouohbQWoUFJQTGKzYBrwNhpHRUP4-RnmLG3SYyL8_Te2CNWcl_HWXjUmBYnuUuWTsD8059bm8eMW5UwPy7k7OwVOxO0-c7gjon2k6AmoVlcUvnUV6V88D-Gib7NSdzJ3b2dEKoZbz412vlhxM6wmTrcSzG7Rj1B43pDVPrWGaQ&amp;__tn__=*NK-R\" target=\"_blank\" rel=\"noopener\">#CNA<\/a><\/span>, Eduardo Loyola Arguello, firm\u00f3 un convenio con el Padre Marvin Sotelo, Director de\u00a0<span style=\"color: #0000ff;\"><a style=\"color: #0000ff;\" href=\"https:\/\/www.facebook.com\/casarecuperacion.laesperanza?__cft__%5b0%5d=AZVAouohbQWoUFJQTGKzYBrwNhpHRUP4-RnmLG3SYyL8_Te2CNWcl_HWXjUmBYnuUuWTsD8059bm8eMW5UwPy7k7OwVOxO0-c7gjon2k6AmoVlcUvnUV6V88D-Gib7NSdzJ3b2dEKoZbz412vlhxM6wmTrcSzG7Rj1B43pDVPrWGaQ&amp;__tn__=-%5dK-R\" target=\"_blank\" rel=\"noopener\">Casa Recuperaci\u00f3n La Esperanza<\/a> <\/span>.<\/span><\/p>\n<p style=\"text-align: justify;\"><span style=\"font-size: 14pt;\">Dicho convenio, es el paso inicial para la creaci\u00f3n del Primer Centro Residencial Especializado en atenci\u00f3n de adicciones. Dicho Centro Especializado se coordinar\u00e1 con el Sistema Nacional de Salud.<\/span><\/p>\n<p style=\"text-align: justify;\"><span style=\"font-size: 14pt;\">Con el convenio firmado entre la Direcci\u00f3n Ejecutiva de la CNA y los Misioneros del Sagrado Coraz\u00f3n de Jes\u00fas, se asume la responsabilidad del trabajo entre el Estado y la Sociedad Civil para poder crear Centros de Tratamiento Residencial Especializados que est\u00e9n al alcance de una poblaci\u00f3n tradicionalmente estigmatizada.<\/span><\/p>\n<p style=\"text-align: justify;\"><span style=\"font-size: 14pt;\">La firma de este convenio es una muestra clara del compromiso del gobierno del Presidente Nayib Bukele de llevar las instituciones gubernamentales a las personas m\u00e1s necesitadas.<\/span><\/p>\n<p style=\"text-align: justify;\">\n<\/div><\/div><\/div><\/div><\/div>","protected":false},"excerpt":{"rendered":"<p>El d\u00eda de ayer, el Director Ejecutivo de la #CNA, Eduardo Loyola Arguello, firm\u00f3 un convenio con el Padre Marvin Sotelo, Director de\u00a0Casa Recuperaci\u00f3n La Esperanza . Dicho convenio, es el paso inicial para&#46;&#46;&#46;<\/p>\n","protected":false},"author":1,"featured_media":3177,"comment_status":"open","ping_status":"open","sticky":false,"template":"","format":"standard","meta":[],"categories":[9],"tags":[],"_links":{"self":[{"href":"https:\/\/www.seguridad.gob.sv\/cna\/index.php?rest_route=\/wp\/v2\/posts\/3180"}],"collection":[{"href":"https:\/\/www.seguridad.gob.sv\/cna\/index.php?rest_route=\/wp\/v2\/posts"}],"about":[{"href":"https:\/\/www.seguridad.gob.sv\/cna\/index.php?rest_route=\/wp\/v2\/types\/post"}],"author":[{"embeddable":true,"href":"https:\/\/www.seguridad.gob.sv\/cna\/index.php?rest_route=\/wp\/v2\/users\/1"}],"replies":[{"embeddable":true,"href":"https:\/\/www.seguridad.gob.sv\/cna\/index.php?rest_route=%2Fwp%2Fv2%2Fcomments&post=3180"}],"version-history":[{"count":2,"href":"https:\/\/www.seguridad.gob.sv\/cna\/index.php?rest_route=\/wp\/v2\/posts\/3180\/revisions"}],"predecessor-version":[{"id":3182,"href":"https:\/\/www.seguridad.gob.sv\/cna\/index.php?rest_route=\/wp\/v2\/posts\/3180\/revisions\/3182"}],"wp:featuredmedia":[{"embeddable":true,"href":"https:\/\/www.seguridad.gob.sv\/cna\/index.php?rest_route=\/wp\/v2\/media\/3177"}],"wp:attachment":[{"href":"https:\/\/www.seguridad.gob.sv\/cna\/index.php?rest_route=%2Fwp%2Fv2%2Fmedia&parent=3180"}],"wp:term":[{"taxonomy":"category","embeddable":true,"href":"https:\/\/www.seguridad.gob.sv\/cna\/index.php?rest_route=%2Fwp%2Fv2%2Fcategories&post=3180"},{"taxonomy":"post_tag","embeddable":true,"href":"https:\/\/www.seguridad.gob.sv\/cna\/index.php?rest_route=%2Fwp%2Fv2%2Ftags&post=3180"}],"curies":[{"name":"wp","href":"https:\/\/api.w.org\/{rel}","templated":true}]}}