{"id":3187,"date":"2021-02-03T20:05:56","date_gmt":"2021-02-03T20:05:56","guid":{"rendered":"https:\/\/www.seguridad.gob.sv\/cna\/?p=3187"},"modified":"2021-02-03T20:07:36","modified_gmt":"2021-02-03T20:07:36","slug":"directores-de-cna-y-fosalud-visitan-centro-residencial-la-esperanza","status":"publish","type":"post","link":"https:\/\/www.seguridad.gob.sv\/cna\/?p=3187","title":{"rendered":"Directores de CNA y FOSALUD visitan Centro Residencial La Esperanza"},"content":{"rendered":"<div id=\"pl-3187\"  class=\"panel-layout\" ><div id=\"pg-3187-0\"  class=\"panel-grid panel-no-style\" ><div id=\"pgc-3187-0-0\"  class=\"panel-grid-cell\" ><div id=\"panel-3187-0-0-0\" class=\"so-panel widget widget_black-studio-tinymce widget_black_studio_tinymce panel-first-child panel-last-child\" data-index=\"0\" ><div class=\"textwidget\"><p><a href=\"https:\/\/www.seguridad.gob.sv\/cna\/wp-content\/uploads\/2021\/02\/WhatsApp-Image-2021-02-03-at-11.19.02-AM.jpeg\"><img class=\" wp-image-3183 aligncenter\" src=\"https:\/\/www.seguridad.gob.sv\/cna\/wp-content\/uploads\/2021\/02\/WhatsApp-Image-2021-02-03-at-11.19.02-AM.jpeg\" alt=\"\" width=\"650\" height=\"433\" \/><\/a><\/p>\n<\/div><\/div><\/div><\/div><div id=\"pg-3187-1\"  class=\"panel-grid panel-no-style\" ><div id=\"pgc-3187-1-0\"  class=\"panel-grid-cell\" ><div id=\"panel-3187-1-0-0\" class=\"so-panel widget widget_black-studio-tinymce widget_black_studio_tinymce panel-first-child panel-last-child\" data-index=\"1\" ><div class=\"textwidget\"><p style=\"text-align: justify;\"><span style=\"font-size: 14pt;\">En seguimiento al acuerdo logrado entre la Direcci\u00f3n Ejecutiva de la Comisi\u00f3n Nacional Antidrogas, y las autoridades de la Casa de Recuperaci\u00f3n para Alcoh\u00f3licos y Drogadictos \u201cLa Esperanza\u201d, se tuvo la visita por parte de la Directora Ejecutiva de FOSALUD, Dra. Nathalie Larreinaga y el Director Ejecutivo de la CNA, Eduardo Loyola, a dicho centro, el cual est\u00e1 ubicado en el municipio de Cuscatancingo, San Salvador.<\/span><\/p>\n<p style=\"text-align: justify;\"><span style=\"font-size: 14pt;\">El evento se desarroll\u00f3 con el inter\u00e9s de conocer de primera mano las instalaciones del Centro La Esperanza, con el objetivo de cambiar impresiones entre los titulares y desarrollar una hoja de ruta para la creaci\u00f3n del primer Centro Residencial Especializado, para atenci\u00f3n de personas consumidoras de alcohol y drogas.<\/span><\/p>\n<p style=\"text-align: justify;\"><span style=\"font-size: 14pt;\">Esta iniciativa representa un salto de calidad en atenci\u00f3n a personas afectas a drogas, a trav\u00e9s de la articulaci\u00f3n de un trabajo entre el Estado y la sociedad civil, que tiene como objetivo primordial atender a una poblaci\u00f3n que no hab\u00eda sido incluida en las pol\u00edticas de salud p\u00fablica.<\/span><\/p>\n<p style=\"text-align: justify;\">\n<\/div><\/div><\/div><\/div><div id=\"pg-3187-2\"  class=\"panel-grid panel-no-style\" ><div id=\"pgc-3187-2-0\"  class=\"panel-grid-cell\" ><div id=\"panel-3187-2-0-0\" class=\"so-panel widget widget_black-studio-tinymce widget_black_studio_tinymce panel-first-child panel-last-child\" data-index=\"2\" ><div class=\"textwidget\"><p><a href=\"https:\/\/www.seguridad.gob.sv\/cna\/wp-content\/uploads\/2021\/02\/WhatsApp-Image-2021-02-03-at-11.19.05-AM.jpeg\"><img class=\"alignnone size-full wp-image-3184\" src=\"https:\/\/www.seguridad.gob.sv\/cna\/wp-content\/uploads\/2021\/02\/WhatsApp-Image-2021-02-03-at-11.19.05-AM.jpeg\" alt=\"\" width=\"1000\" height=\"667\" \/><\/a><\/p>\n<\/div><\/div><\/div><div id=\"pgc-3187-2-1\"  class=\"panel-grid-cell\" ><div id=\"panel-3187-2-1-0\" class=\"so-panel widget widget_black-studio-tinymce widget_black_studio_tinymce panel-first-child panel-last-child\" data-index=\"3\" ><div class=\"textwidget\"><p><a href=\"https:\/\/www.seguridad.gob.sv\/cna\/wp-content\/uploads\/2021\/02\/WhatsApp-Image-2021-02-03-at-11.19.18-AM.jpeg\"><img class=\"alignnone size-full wp-image-3186\" src=\"https:\/\/www.seguridad.gob.sv\/cna\/wp-content\/uploads\/2021\/02\/WhatsApp-Image-2021-02-03-at-11.19.18-AM.jpeg\" alt=\"\" width=\"1000\" height=\"667\" \/><\/a><\/p>\n<\/div><\/div><\/div><\/div><\/div>","protected":false},"excerpt":{"rendered":"<p>En seguimiento al acuerdo logrado entre la Direcci\u00f3n Ejecutiva de la Comisi\u00f3n Nacional Antidrogas, y las autoridades de la Casa de Recuperaci\u00f3n para Alcoh\u00f3licos y Drogadictos \u201cLa Esperanza\u201d, se tuvo la visita por parte&#46;&#46;&#46;<\/p>\n","protected":false},"author":1,"featured_media":3185,"comment_status":"open","ping_status":"open","sticky":false,"template":"","format":"standard","meta":[],"categories":[9],"tags":[],"_links":{"self":[{"href":"https:\/\/www.seguridad.gob.sv\/cna\/index.php?rest_route=\/wp\/v2\/posts\/3187"}],"collection":[{"href":"https:\/\/www.seguridad.gob.sv\/cna\/index.php?rest_route=\/wp\/v2\/posts"}],"about":[{"href":"https:\/\/www.seguridad.gob.sv\/cna\/index.php?rest_route=\/wp\/v2\/types\/post"}],"author":[{"embeddable":true,"href":"https:\/\/www.seguridad.gob.sv\/cna\/index.php?rest_route=\/wp\/v2\/users\/1"}],"replies":[{"embeddable":true,"href":"https:\/\/www.seguridad.gob.sv\/cna\/index.php?rest_route=%2Fwp%2Fv2%2Fcomments&post=3187"}],"version-history":[{"count":6,"href":"https:\/\/www.seguridad.gob.sv\/cna\/index.php?rest_route=\/wp\/v2\/posts\/3187\/revisions"}],"predecessor-version":[{"id":3193,"href":"https:\/\/www.seguridad.gob.sv\/cna\/index.php?rest_route=\/wp\/v2\/posts\/3187\/revisions\/3193"}],"wp:featuredmedia":[{"embeddable":true,"href":"https:\/\/www.seguridad.gob.sv\/cna\/index.php?rest_route=\/wp\/v2\/media\/3185"}],"wp:attachment":[{"href":"https:\/\/www.seguridad.gob.sv\/cna\/index.php?rest_route=%2Fwp%2Fv2%2Fmedia&parent=3187"}],"wp:term":[{"taxonomy":"category","embeddable":true,"href":"https:\/\/www.seguridad.gob.sv\/cna\/index.php?rest_route=%2Fwp%2Fv2%2Fcategories&post=3187"},{"taxonomy":"post_tag","embeddable":true,"href":"https:\/\/www.seguridad.gob.sv\/cna\/index.php?rest_route=%2Fwp%2Fv2%2Ftags&post=3187"}],"curies":[{"name":"wp","href":"https:\/\/api.w.org\/{rel}","templated":true}]}}