{"id":3194,"date":"2021-03-05T18:32:54","date_gmt":"2021-03-05T18:32:54","guid":{"rendered":"https:\/\/www.seguridad.gob.sv\/cna\/?p=3194"},"modified":"2021-03-05T18:32:54","modified_gmt":"2021-03-05T18:32:54","slug":"el-salvador-participa-en-entrenamiento-de-la-unodc-oms","status":"publish","type":"post","link":"https:\/\/www.seguridad.gob.sv\/cna\/?p=3194","title":{"rendered":"El Salvador participa en entrenamiento de la UNODC-OMS"},"content":{"rendered":"<div id=\"pl-3194\"  class=\"panel-layout\" ><div id=\"pg-3194-0\"  class=\"panel-grid panel-no-style\" ><div id=\"pgc-3194-0-0\"  class=\"panel-grid-cell\" ><div id=\"panel-3194-0-0-0\" class=\"so-panel widget widget_black-studio-tinymce widget_black_studio_tinymce panel-first-child panel-last-child\" data-index=\"0\" ><div class=\"textwidget\"><p><a href=\"https:\/\/www.seguridad.gob.sv\/cna\/wp-content\/uploads\/2021\/03\/DSCN4800-scaled.jpg\"><img class=\"alignnone wp-image-3197 \" src=\"https:\/\/www.seguridad.gob.sv\/cna\/wp-content\/uploads\/2021\/03\/DSCN4800-1024x843.jpg\" alt=\"\" width=\"502\" height=\"413\" \/><\/a><\/p>\n<\/div><\/div><\/div><div id=\"pgc-3194-0-1\"  class=\"panel-grid-cell\" ><div id=\"panel-3194-0-1-0\" class=\"so-panel widget widget_black-studio-tinymce widget_black_studio_tinymce panel-first-child panel-last-child\" data-index=\"1\" ><div class=\"textwidget\"><p><a href=\"https:\/\/www.seguridad.gob.sv\/cna\/wp-content\/uploads\/2021\/03\/DSCN4802-scaled.jpg\"><img class=\"alignnone  wp-image-3196\" src=\"https:\/\/www.seguridad.gob.sv\/cna\/wp-content\/uploads\/2021\/03\/DSCN4802-1024x768.jpg\" alt=\"\" width=\"646\" height=\"485\" \/><\/a><\/p>\n<\/div><\/div><\/div><\/div><div id=\"pg-3194-1\"  class=\"panel-grid panel-no-style\" ><div id=\"pgc-3194-1-0\"  class=\"panel-grid-cell\" ><div id=\"panel-3194-1-0-0\" class=\"so-panel widget widget_black-studio-tinymce widget_black_studio_tinymce panel-first-child panel-last-child\" data-index=\"2\" ><div class=\"textwidget\"><p style=\"text-align: justify;\"><span style=\"font-size: 14pt;\">Durante toda esta semana, personal de la Direcci\u00f3n Ejecutiva de la CNA y del Ministerio de Salud, ha participado en un taller de entrenamiento sobre la Implementaci\u00f3n y evaluaci\u00f3n de los Est\u00e1ndares Internacionales de la UNODC-OMS para el Tratamiento de los Trastornos por el Uso de Drogas en Am\u00e9rica Latina.<\/span><\/p>\n<p style=\"text-align: justify;\"><span style=\"font-size: 14pt;\">Los Trastornos Asociados con el Consumo de Sustancias constituyen un problema de salud p\u00fablica y seguridad tanto en los pa\u00edses desarrollados como en los pa\u00edses en v\u00edas de desarrollo de todo el mundo. El fortalecimiento de la prevenci\u00f3n del uso y el tratamiento de las personas con trastornos por consumo es una estrategia esencial de reducci\u00f3n de la demanda de gran importancia para la salud p\u00fablica.<\/span><\/p>\n<p style=\"text-align: justify;\"><span style=\"font-size: 14pt;\">A trav\u00e9s del proyecto global Programa de Atenci\u00f3n para la Drogodependencia y Tratamiento, la UNODC y la OMS han elaborado los Est\u00e1ndares Internacionales para el Tratamiento de Trastornos por el Uso de Drogas.<\/span><\/p>\n<p style=\"text-align: justify;\"><span style=\"font-size: 14pt;\">El taller, financiado por Espa\u00f1a, consisti\u00f3 en capacitar a los asistentes en saber evaluar dichos est\u00e1ndares para el tratamiento de enfermedades relacionadas al uso de sustancias psicoactivas. Por El Salvador, participaron la doctora Hazel Valdez, de la Oficina de Salud Mental, del MINSAL y los licenciados Gloria Salinas, del \u00e1rea de Prevenci\u00f3n y Luis Torres, del \u00e1rea de Tratamiento. Adem\u00e1s de El Salvador, el taller cont\u00f3 con asistentes de Guatemala, Honduras, Panam\u00e1 y Rep\u00fablica Dominicana.<\/span><\/p>\n<\/div><\/div><\/div><\/div><\/div>","protected":false},"excerpt":{"rendered":"<p>Durante toda esta semana, personal de la Direcci\u00f3n Ejecutiva de la CNA y del Ministerio de Salud, ha participado en un taller de entrenamiento sobre la Implementaci\u00f3n y evaluaci\u00f3n de los Est\u00e1ndares Internacionales de&#46;&#46;&#46;<\/p>\n","protected":false},"author":1,"featured_media":3195,"comment_status":"open","ping_status":"open","sticky":false,"template":"","format":"standard","meta":[],"categories":[9],"tags":[],"_links":{"self":[{"href":"https:\/\/www.seguridad.gob.sv\/cna\/index.php?rest_route=\/wp\/v2\/posts\/3194"}],"collection":[{"href":"https:\/\/www.seguridad.gob.sv\/cna\/index.php?rest_route=\/wp\/v2\/posts"}],"about":[{"href":"https:\/\/www.seguridad.gob.sv\/cna\/index.php?rest_route=\/wp\/v2\/types\/post"}],"author":[{"embeddable":true,"href":"https:\/\/www.seguridad.gob.sv\/cna\/index.php?rest_route=\/wp\/v2\/users\/1"}],"replies":[{"embeddable":true,"href":"https:\/\/www.seguridad.gob.sv\/cna\/index.php?rest_route=%2Fwp%2Fv2%2Fcomments&post=3194"}],"version-history":[{"count":13,"href":"https:\/\/www.seguridad.gob.sv\/cna\/index.php?rest_route=\/wp\/v2\/posts\/3194\/revisions"}],"predecessor-version":[{"id":3210,"href":"https:\/\/www.seguridad.gob.sv\/cna\/index.php?rest_route=\/wp\/v2\/posts\/3194\/revisions\/3210"}],"wp:featuredmedia":[{"embeddable":true,"href":"https:\/\/www.seguridad.gob.sv\/cna\/index.php?rest_route=\/wp\/v2\/media\/3195"}],"wp:attachment":[{"href":"https:\/\/www.seguridad.gob.sv\/cna\/index.php?rest_route=%2Fwp%2Fv2%2Fmedia&parent=3194"}],"wp:term":[{"taxonomy":"category","embeddable":true,"href":"https:\/\/www.seguridad.gob.sv\/cna\/index.php?rest_route=%2Fwp%2Fv2%2Fcategories&post=3194"},{"taxonomy":"post_tag","embeddable":true,"href":"https:\/\/www.seguridad.gob.sv\/cna\/index.php?rest_route=%2Fwp%2Fv2%2Ftags&post=3194"}],"curies":[{"name":"wp","href":"https:\/\/api.w.org\/{rel}","templated":true}]}}