{"id":3246,"date":"2021-06-30T15:12:56","date_gmt":"2021-06-30T15:12:56","guid":{"rendered":"https:\/\/www.seguridad.gob.sv\/cna\/?p=3246"},"modified":"2021-06-30T15:14:32","modified_gmt":"2021-06-30T15:14:32","slug":"cna-certifica-nuevos-operadores-socio-terapeuticos","status":"publish","type":"post","link":"https:\/\/www.seguridad.gob.sv\/cna\/?p=3246","title":{"rendered":"CNA certifica nuevos Operadores Socio Terap\u00e9uticos"},"content":{"rendered":"<div id=\"pl-3246\"  class=\"panel-layout\" ><div id=\"pg-3246-0\"  class=\"panel-grid panel-no-style\" ><div id=\"pgc-3246-0-0\"  class=\"panel-grid-cell\" ><div id=\"panel-3246-0-0-0\" class=\"so-panel widget widget_black-studio-tinymce widget_black_studio_tinymce panel-first-child panel-last-child\" data-index=\"0\" ><div class=\"textwidget\"><p><a href=\"https:\/\/www.seguridad.gob.sv\/cna\/wp-content\/uploads\/2021\/06\/Graduacion-CNA-Cancilleria-16-06-2021-17-de-17-scaled.jpg\"><img class=\"size-large wp-image-3247 aligncenter\" src=\"https:\/\/www.seguridad.gob.sv\/cna\/wp-content\/uploads\/2021\/06\/Graduacion-CNA-Cancilleria-16-06-2021-17-de-17-1024x683.jpg\" alt=\"\" width=\"1024\" height=\"683\" \/><\/a><\/p>\n<\/div><\/div><\/div><\/div><div id=\"pg-3246-1\"  class=\"panel-grid panel-no-style\" ><div id=\"pgc-3246-1-0\"  class=\"panel-grid-cell\" ><div id=\"panel-3246-1-0-0\" class=\"so-panel widget widget_black-studio-tinymce widget_black_studio_tinymce panel-first-child panel-last-child\" data-index=\"1\" ><div class=\"textwidget\"><p style=\"text-align: justify;\"><span style=\"font-size: 14pt;\">Recientemente, la Comisi\u00f3n Nacional Antidrogas realiz\u00f3 el acto de certificaci\u00f3n de un de la s\u00e9ptima promoci\u00f3n de Operadores Socioterap\u00e9uticos en Drogodependencias.<\/span><\/p>\n<p style=\"text-align: justify;\"><span style=\"font-size: 14pt;\">Este trabajo se enmarca en el <em>Programa de Capacitaci\u00f3n y Certificaci\u00f3n de Recursos Humanos en Tratamiento y Prevenci\u00f3n de Trastornos por Consumo de Drogas (PROCCTRAP)<\/em>, encaminado a mejorar la capacidad instalada del pa\u00eds para proveer atenci\u00f3n a personas con problemas de consumo de sustancias psicoactivas. La certificaci\u00f3n se da luego de que los nuevos Operadores Socioterap\u00e9uticos, desarrollaran un curso de seis meses, que tuvo la particularidad de haber sido \u00a0ejecutado durante la pandemia de Covid-19; convirti\u00e9ndose en el primer curso de este tipo, impartido completamente de manera virtual.<\/span><\/p>\n<p style=\"text-align: justify;\"><span style=\"font-size: 14pt;\">Este es parte del trabajo articulado interinstitucional que la CNA lleva conjuntamente con otras instituciones como el Ministerio de Salud, FOSALUD y la sociedad civil.<\/span><\/p>\n<p style=\"text-align: justify;\"><span style=\"font-size: 14pt;\">En la entrega de certificados particip\u00f3 la se\u00f1ora Carolina Recinos de Bernal, Comisionada Presidencial para Operaciones y Gabinete de Gobierno, el licenciado Patricio Alfaro, representante de la Universidad Salvadore\u00f1a Alberto Masferrer (USAM) y el licenciado Luis Torres, en representaci\u00f3n del Director Ejecutivo de la CNA, licenciado Eduardo Loyola.<\/span><\/p>\n<p style=\"text-align: justify;\">\n<\/div><\/div><\/div><\/div><\/div>","protected":false},"excerpt":{"rendered":"<p>Recientemente, la Comisi\u00f3n Nacional Antidrogas realiz\u00f3 el acto de certificaci\u00f3n de un de la s\u00e9ptima promoci\u00f3n de Operadores Socioterap\u00e9uticos en Drogodependencias. Este trabajo se enmarca en el Programa de Capacitaci\u00f3n y Certificaci\u00f3n de Recursos&#46;&#46;&#46;<\/p>\n","protected":false},"author":1,"featured_media":3247,"comment_status":"open","ping_status":"open","sticky":false,"template":"","format":"standard","meta":[],"categories":[9],"tags":[],"_links":{"self":[{"href":"https:\/\/www.seguridad.gob.sv\/cna\/index.php?rest_route=\/wp\/v2\/posts\/3246"}],"collection":[{"href":"https:\/\/www.seguridad.gob.sv\/cna\/index.php?rest_route=\/wp\/v2\/posts"}],"about":[{"href":"https:\/\/www.seguridad.gob.sv\/cna\/index.php?rest_route=\/wp\/v2\/types\/post"}],"author":[{"embeddable":true,"href":"https:\/\/www.seguridad.gob.sv\/cna\/index.php?rest_route=\/wp\/v2\/users\/1"}],"replies":[{"embeddable":true,"href":"https:\/\/www.seguridad.gob.sv\/cna\/index.php?rest_route=%2Fwp%2Fv2%2Fcomments&post=3246"}],"version-history":[{"count":2,"href":"https:\/\/www.seguridad.gob.sv\/cna\/index.php?rest_route=\/wp\/v2\/posts\/3246\/revisions"}],"predecessor-version":[{"id":3249,"href":"https:\/\/www.seguridad.gob.sv\/cna\/index.php?rest_route=\/wp\/v2\/posts\/3246\/revisions\/3249"}],"wp:featuredmedia":[{"embeddable":true,"href":"https:\/\/www.seguridad.gob.sv\/cna\/index.php?rest_route=\/wp\/v2\/media\/3247"}],"wp:attachment":[{"href":"https:\/\/www.seguridad.gob.sv\/cna\/index.php?rest_route=%2Fwp%2Fv2%2Fmedia&parent=3246"}],"wp:term":[{"taxonomy":"category","embeddable":true,"href":"https:\/\/www.seguridad.gob.sv\/cna\/index.php?rest_route=%2Fwp%2Fv2%2Fcategories&post=3246"},{"taxonomy":"post_tag","embeddable":true,"href":"https:\/\/www.seguridad.gob.sv\/cna\/index.php?rest_route=%2Fwp%2Fv2%2Ftags&post=3246"}],"curies":[{"name":"wp","href":"https:\/\/api.w.org\/{rel}","templated":true}]}}