{"id":3276,"date":"2021-07-07T14:39:28","date_gmt":"2021-07-07T14:39:28","guid":{"rendered":"https:\/\/www.seguridad.gob.sv\/cna\/?p=3276"},"modified":"2021-07-07T14:39:28","modified_gmt":"2021-07-07T14:39:28","slug":"participacion-de-la-cna-en-curso-de-formadores-en-prevencion-y-tratamiento","status":"publish","type":"post","link":"https:\/\/www.seguridad.gob.sv\/cna\/?p=3276","title":{"rendered":"Participaci\u00f3n de la CNA en curso de formadores en prevenci\u00f3n y tratamiento"},"content":{"rendered":"<div id=\"pl-3276\"  class=\"panel-layout\" ><div id=\"pg-3276-0\"  class=\"panel-grid panel-no-style\" ><div id=\"pgc-3276-0-0\"  class=\"panel-grid-cell\" ><div id=\"panel-3276-0-0-0\" class=\"so-panel widget widget_black-studio-tinymce widget_black_studio_tinymce panel-first-child panel-last-child\" data-index=\"0\" ><div class=\"textwidget\"><p><a href=\"https:\/\/www.seguridad.gob.sv\/cna\/wp-content\/uploads\/2021\/07\/IMG-20210702-WA0020.jpg\"><img class=\"size-large wp-image-3277 aligncenter\" src=\"https:\/\/www.seguridad.gob.sv\/cna\/wp-content\/uploads\/2021\/07\/IMG-20210702-WA0020-1024x551.jpg\" alt=\"\" width=\"1024\" height=\"551\" \/><\/a><\/p>\n<\/div><\/div><\/div><\/div><div id=\"pg-3276-1\"  class=\"panel-grid panel-no-style\" ><div id=\"pgc-3276-1-0\"  class=\"panel-grid-cell\" ><div id=\"panel-3276-1-0-0\" class=\"so-panel widget widget_black-studio-tinymce widget_black_studio_tinymce panel-first-child panel-last-child\" data-index=\"1\" ><div class=\"textwidget\"><p style=\"text-align: justify;\"><span style=\"font-size: 14pt;\">La Direcci\u00f3n Ejecutiva de la Comisi\u00f3n Nacional Antidrogas particip\u00f3 en las reuniones preparatorias del pr\u00f3ximo Curso virtual para Entrenadores, organizado por Colombo Plan y el Programa para la Consejer\u00eda sobre Drogas (DAP) por sus siglas en ingl\u00e9s.<\/span><\/p>\n<p style=\"text-align: justify;\"><span style=\"font-size: 14pt;\">Dicho curso tiene como objetivo el fortalecimiento del personal que labora en las \u00e1reas de prevenci\u00f3n y tratamiento por consumo de drogas. De igual manera, los participantes ser\u00e1n preparados con base en el Curr\u00edculo Universal en Prevenci\u00f3n, Tratamiento y Rehabilitaci\u00f3n.<\/span><\/p>\n<p style=\"text-align: justify;\"><span style=\"font-size: 14pt;\">El personal que recibir\u00e1 dicho curso proviene del Ministerio de Salud (Hospital Nacional Psiqui\u00e1trico, Hospital Nacional Santa Gertrudis), el Fondo Solidario para la Salud (FOSALUD), la Universidad Salvadore\u00f1a Alberto Masferrer (USAM) y la Direcci\u00f3n Ejecutiva de la Comisi\u00f3n Nacional Antidrogas.<\/span><\/p>\n<p style=\"text-align: justify;\"><span style=\"font-size: 14pt;\">La importancia de recibir este curso radica en que los asistentes a estas sesiones tendr\u00e1n las herramientas pertinentes para la atenci\u00f3n humana, y basada en evidencia cient\u00edfica, a personas con problemas de consumo de alcohol y otras drogas.<\/span><\/p>\n<\/div><\/div><\/div><\/div><\/div>","protected":false},"excerpt":{"rendered":"<p>La Direcci\u00f3n Ejecutiva de la Comisi\u00f3n Nacional Antidrogas particip\u00f3 en las reuniones preparatorias del pr\u00f3ximo Curso virtual para Entrenadores, organizado por Colombo Plan y el Programa para la Consejer\u00eda sobre Drogas (DAP) por sus&#46;&#46;&#46;<\/p>\n","protected":false},"author":1,"featured_media":3277,"comment_status":"open","ping_status":"open","sticky":false,"template":"","format":"standard","meta":[],"categories":[9],"tags":[],"_links":{"self":[{"href":"https:\/\/www.seguridad.gob.sv\/cna\/index.php?rest_route=\/wp\/v2\/posts\/3276"}],"collection":[{"href":"https:\/\/www.seguridad.gob.sv\/cna\/index.php?rest_route=\/wp\/v2\/posts"}],"about":[{"href":"https:\/\/www.seguridad.gob.sv\/cna\/index.php?rest_route=\/wp\/v2\/types\/post"}],"author":[{"embeddable":true,"href":"https:\/\/www.seguridad.gob.sv\/cna\/index.php?rest_route=\/wp\/v2\/users\/1"}],"replies":[{"embeddable":true,"href":"https:\/\/www.seguridad.gob.sv\/cna\/index.php?rest_route=%2Fwp%2Fv2%2Fcomments&post=3276"}],"version-history":[{"count":1,"href":"https:\/\/www.seguridad.gob.sv\/cna\/index.php?rest_route=\/wp\/v2\/posts\/3276\/revisions"}],"predecessor-version":[{"id":3278,"href":"https:\/\/www.seguridad.gob.sv\/cna\/index.php?rest_route=\/wp\/v2\/posts\/3276\/revisions\/3278"}],"wp:featuredmedia":[{"embeddable":true,"href":"https:\/\/www.seguridad.gob.sv\/cna\/index.php?rest_route=\/wp\/v2\/media\/3277"}],"wp:attachment":[{"href":"https:\/\/www.seguridad.gob.sv\/cna\/index.php?rest_route=%2Fwp%2Fv2%2Fmedia&parent=3276"}],"wp:term":[{"taxonomy":"category","embeddable":true,"href":"https:\/\/www.seguridad.gob.sv\/cna\/index.php?rest_route=%2Fwp%2Fv2%2Fcategories&post=3276"},{"taxonomy":"post_tag","embeddable":true,"href":"https:\/\/www.seguridad.gob.sv\/cna\/index.php?rest_route=%2Fwp%2Fv2%2Ftags&post=3276"}],"curies":[{"name":"wp","href":"https:\/\/api.w.org\/{rel}","templated":true}]}}