{"id":3318,"date":"2021-09-08T17:46:10","date_gmt":"2021-09-08T17:46:10","guid":{"rendered":"https:\/\/www.seguridad.gob.sv\/cna\/?p=3318"},"modified":"2021-09-08T17:46:10","modified_gmt":"2021-09-08T17:46:10","slug":"cna-desarrolla-segunda-reunion-de-estrategia-subregional","status":"publish","type":"post","link":"https:\/\/www.seguridad.gob.sv\/cna\/?p=3318","title":{"rendered":"CNA desarrolla segunda reuni\u00f3n de estrategia subregional"},"content":{"rendered":"<div id=\"pl-3318\"  class=\"panel-layout\" ><div id=\"pg-3318-0\"  class=\"panel-grid panel-no-style\" ><div id=\"pgc-3318-0-0\"  class=\"panel-grid-cell\" ><div id=\"panel-3318-0-0-0\" class=\"so-panel widget widget_black-studio-tinymce widget_black_studio_tinymce panel-first-child panel-last-child\" data-index=\"0\" ><div class=\"textwidget\"><p><a href=\"https:\/\/www.seguridad.gob.sv\/cna\/wp-content\/uploads\/2021\/09\/WhatsApp-Image-2021-09-08-at-11.11.01-AM.jpeg\"><img class=\"wp-image-3319 aligncenter\" src=\"https:\/\/www.seguridad.gob.sv\/cna\/wp-content\/uploads\/2021\/09\/WhatsApp-Image-2021-09-08-at-11.11.01-AM.jpeg\" alt=\"\" width=\"746\" height=\"497\" \/><\/a><\/p>\n<\/div><\/div><\/div><\/div><div id=\"pg-3318-1\"  class=\"panel-grid panel-no-style\" ><div id=\"pgc-3318-1-0\"  class=\"panel-grid-cell\" ><div id=\"panel-3318-1-0-0\" class=\"so-panel widget widget_black-studio-tinymce widget_black_studio_tinymce panel-first-child panel-last-child\" data-index=\"1\" ><div class=\"textwidget\"><p style=\"text-align: justify;\"><span style=\"font-size: 14pt;\">El Gabinete de Justicia y Seguridad, en coordinaci\u00f3n con la Comisi\u00f3n Nacional Antidrogas, realiz\u00f3 el Taller de Socializaci\u00f3n de la Estrategia Subregional para la Mejora de la Interdicci\u00f3n del Tr\u00e1fico de Drogas y Precursores Qu\u00edmicos, cap\u00edtulo El Salvador, que cont\u00f3 con el apoyo de la UNODC .<\/span><\/p>\n<p style=\"text-align: justify;\">\n<span style=\"font-size: 14pt;\">Con dicha Estrategia Subregional buscamos hacer m\u00e1s efectiva la lucha contra la delincuencia transnacional, por medio de la mejora de la capacidad de an\u00e1lisis de las instituciones de cada pa\u00eds, en el tema del tr\u00e1fico de drogas.<\/span><\/p>\n<p style=\"text-align: justify;\">\n<span style=\"font-size: 14pt;\">La actividad se enmarca en el compromiso que tiene el Gobierno salvadore\u00f1o de combatir el tr\u00e1fico de drogas, a trav\u00e9s una estrategia integral de seguridad a nivel regional, que permita homogeneizar procedimientos, moderniz\u00e1ndolos y torn\u00e1ndolos m\u00e1s \u00e1giles y efectivos.<\/span><\/p>\n<\/div><\/div><\/div><\/div><\/div>","protected":false},"excerpt":{"rendered":"<p>El Gabinete de Justicia y Seguridad, en coordinaci\u00f3n con la Comisi\u00f3n Nacional Antidrogas, realiz\u00f3 el Taller de Socializaci\u00f3n de la Estrategia Subregional para la Mejora de la Interdicci\u00f3n del Tr\u00e1fico de Drogas y Precursores&#46;&#46;&#46;<\/p>\n","protected":false},"author":1,"featured_media":3321,"comment_status":"open","ping_status":"open","sticky":false,"template":"","format":"standard","meta":[],"categories":[9],"tags":[],"_links":{"self":[{"href":"https:\/\/www.seguridad.gob.sv\/cna\/index.php?rest_route=\/wp\/v2\/posts\/3318"}],"collection":[{"href":"https:\/\/www.seguridad.gob.sv\/cna\/index.php?rest_route=\/wp\/v2\/posts"}],"about":[{"href":"https:\/\/www.seguridad.gob.sv\/cna\/index.php?rest_route=\/wp\/v2\/types\/post"}],"author":[{"embeddable":true,"href":"https:\/\/www.seguridad.gob.sv\/cna\/index.php?rest_route=\/wp\/v2\/users\/1"}],"replies":[{"embeddable":true,"href":"https:\/\/www.seguridad.gob.sv\/cna\/index.php?rest_route=%2Fwp%2Fv2%2Fcomments&post=3318"}],"version-history":[{"count":3,"href":"https:\/\/www.seguridad.gob.sv\/cna\/index.php?rest_route=\/wp\/v2\/posts\/3318\/revisions"}],"predecessor-version":[{"id":3324,"href":"https:\/\/www.seguridad.gob.sv\/cna\/index.php?rest_route=\/wp\/v2\/posts\/3318\/revisions\/3324"}],"wp:featuredmedia":[{"embeddable":true,"href":"https:\/\/www.seguridad.gob.sv\/cna\/index.php?rest_route=\/wp\/v2\/media\/3321"}],"wp:attachment":[{"href":"https:\/\/www.seguridad.gob.sv\/cna\/index.php?rest_route=%2Fwp%2Fv2%2Fmedia&parent=3318"}],"wp:term":[{"taxonomy":"category","embeddable":true,"href":"https:\/\/www.seguridad.gob.sv\/cna\/index.php?rest_route=%2Fwp%2Fv2%2Fcategories&post=3318"},{"taxonomy":"post_tag","embeddable":true,"href":"https:\/\/www.seguridad.gob.sv\/cna\/index.php?rest_route=%2Fwp%2Fv2%2Ftags&post=3318"}],"curies":[{"name":"wp","href":"https:\/\/api.w.org\/{rel}","templated":true}]}}