{"id":3375,"date":"2021-10-08T19:46:36","date_gmt":"2021-10-08T19:46:36","guid":{"rendered":"https:\/\/www.seguridad.gob.sv\/cna\/?p=3375"},"modified":"2021-10-08T20:52:49","modified_gmt":"2021-10-08T20:52:49","slug":"europa-y-el-salvador-fortalecen-cooperacion-en-politica-de-drogas","status":"publish","type":"post","link":"https:\/\/www.seguridad.gob.sv\/cna\/?p=3375","title":{"rendered":"Europa y El Salvador fortalecen cooperaci\u00f3n en Pol\u00edtica de Drogas"},"content":{"rendered":"<div id=\"pl-3375\"  class=\"panel-layout\" ><div id=\"pg-3375-0\"  class=\"panel-grid panel-no-style\" ><div id=\"pgc-3375-0-0\"  class=\"panel-grid-cell\" ><div id=\"panel-3375-0-0-0\" class=\"so-panel widget widget_media_image panel-first-child panel-last-child\" data-index=\"0\" ><img width=\"1280\" height=\"720\" src=\"https:\/\/www.seguridad.gob.sv\/cna\/wp-content\/uploads\/2021\/10\/FotoV1.jpg\" class=\"image wp-image-3399  attachment-full size-full\" alt=\"\" decoding=\"async\" loading=\"lazy\" style=\"max-width: 100%; height: auto;\" srcset=\"https:\/\/www.seguridad.gob.sv\/cna\/wp-content\/uploads\/2021\/10\/FotoV1.jpg 1280w, https:\/\/www.seguridad.gob.sv\/cna\/wp-content\/uploads\/2021\/10\/FotoV1-300x169.jpg 300w, https:\/\/www.seguridad.gob.sv\/cna\/wp-content\/uploads\/2021\/10\/FotoV1-1024x576.jpg 1024w, https:\/\/www.seguridad.gob.sv\/cna\/wp-content\/uploads\/2021\/10\/FotoV1-768x432.jpg 768w\" sizes=\"(max-width: 1280px) 100vw, 1280px\" \/><\/div><\/div><\/div><div id=\"pg-3375-1\"  class=\"panel-grid panel-no-style\" ><div id=\"pgc-3375-1-0\"  class=\"panel-grid-cell\" ><div id=\"panel-3375-1-0-0\" class=\"so-panel widget widget_black-studio-tinymce widget_black_studio_tinymce panel-first-child panel-last-child\" data-index=\"1\" ><div class=\"textwidget\"><p style=\"text-align: justify;\"><span style=\"font-size: 14pt;\">Miembros del staff de la Comisi\u00f3n Nacional Antidrogas (CNA), participaron en una reuni\u00f3n virtual donde se abord\u00f3 el Programa de Cooperaci\u00f3n Birregional UE-CELAC, COPOLADIII, sobre Pol\u00edticas de Drogas.<\/span><\/p>\n<p style=\"text-align: justify;\"><span style=\"font-size: 14pt;\">El proyecto es impulsado por La Uni\u00f3n Europea, la Cooperaci\u00f3n Espa\u00f1ola y la Organizaci\u00f3n Internacional Italoamericana, en donde participaron instituciones como el Ministerio de Educaci\u00f3n, el Ministerio de Salud, la Fuerza Armada de El Salvador, Polic\u00eda Nacional Civil, el Ministerio de Relaciones Exteriores de El Salvador y la Direcci\u00f3n Nacional de Medicamentos.<\/span><\/p>\n<p style=\"text-align: justify;\"><span style=\"font-size: 14pt;\">El principal objetivo de esta iniciativa es el de obtener un diagn\u00f3stico de necesidades de pa\u00eds a trav\u00e9s de componentes integrales basados en el fortalecimiento de observatorios nacionales sobre drogas, mejora de las pol\u00edticas p\u00fablicas sobre el consumo de drogas, pol\u00edticas de control de la oferta basadas en derechos humanos, equidad de g\u00e9nero y seguridad ciudadana.<\/span><\/p>\n<p style=\"text-align: justify;\"><span style=\"font-size: 14pt;\">Las pol\u00edticas relacionadas con el combate a las drogas son una de las prioridades para este gobierno, es por ello que se continuar\u00e1 impulsando la lucha de manera frontal a las organizaciones criminales que amenazan la gobernabilidad en la regi\u00f3n.<\/span><\/p>\n<\/div><\/div><\/div><\/div><\/div>","protected":false},"excerpt":{"rendered":"<p>Miembros del staff de la Comisi\u00f3n Nacional Antidrogas (CNA), participaron en una reuni\u00f3n virtual donde se abord\u00f3 el Programa de Cooperaci\u00f3n Birregional UE-CELAC, COPOLADIII, sobre Pol\u00edticas de Drogas. El proyecto es impulsado por La&#46;&#46;&#46;<\/p>\n","protected":false},"author":1,"featured_media":3391,"comment_status":"open","ping_status":"open","sticky":false,"template":"","format":"standard","meta":[],"categories":[9],"tags":[],"_links":{"self":[{"href":"https:\/\/www.seguridad.gob.sv\/cna\/index.php?rest_route=\/wp\/v2\/posts\/3375"}],"collection":[{"href":"https:\/\/www.seguridad.gob.sv\/cna\/index.php?rest_route=\/wp\/v2\/posts"}],"about":[{"href":"https:\/\/www.seguridad.gob.sv\/cna\/index.php?rest_route=\/wp\/v2\/types\/post"}],"author":[{"embeddable":true,"href":"https:\/\/www.seguridad.gob.sv\/cna\/index.php?rest_route=\/wp\/v2\/users\/1"}],"replies":[{"embeddable":true,"href":"https:\/\/www.seguridad.gob.sv\/cna\/index.php?rest_route=%2Fwp%2Fv2%2Fcomments&post=3375"}],"version-history":[{"count":15,"href":"https:\/\/www.seguridad.gob.sv\/cna\/index.php?rest_route=\/wp\/v2\/posts\/3375\/revisions"}],"predecessor-version":[{"id":3392,"href":"https:\/\/www.seguridad.gob.sv\/cna\/index.php?rest_route=\/wp\/v2\/posts\/3375\/revisions\/3392"}],"wp:featuredmedia":[{"embeddable":true,"href":"https:\/\/www.seguridad.gob.sv\/cna\/index.php?rest_route=\/wp\/v2\/media\/3391"}],"wp:attachment":[{"href":"https:\/\/www.seguridad.gob.sv\/cna\/index.php?rest_route=%2Fwp%2Fv2%2Fmedia&parent=3375"}],"wp:term":[{"taxonomy":"category","embeddable":true,"href":"https:\/\/www.seguridad.gob.sv\/cna\/index.php?rest_route=%2Fwp%2Fv2%2Fcategories&post=3375"},{"taxonomy":"post_tag","embeddable":true,"href":"https:\/\/www.seguridad.gob.sv\/cna\/index.php?rest_route=%2Fwp%2Fv2%2Ftags&post=3375"}],"curies":[{"name":"wp","href":"https:\/\/api.w.org\/{rel}","templated":true}]}}