{"id":3514,"date":"2021-10-20T21:03:29","date_gmt":"2021-10-20T21:03:29","guid":{"rendered":"https:\/\/www.seguridad.gob.sv\/cna\/?p=3514"},"modified":"2021-10-20T21:03:29","modified_gmt":"2021-10-20T21:03:29","slug":"director-ejecutivo-de-la-cna-inaugura-jornada-de-capacitacion","status":"publish","type":"post","link":"https:\/\/www.seguridad.gob.sv\/cna\/?p=3514","title":{"rendered":"Director Ejecutivo de la CNA inaugura jornada de capacitaci\u00f3n"},"content":{"rendered":"<div id=\"pl-3514\"  class=\"panel-layout\" ><div id=\"pg-3514-0\"  class=\"panel-grid panel-no-style\" ><div id=\"pgc-3514-0-0\"  class=\"panel-grid-cell\" ><div id=\"panel-3514-0-0-0\" class=\"so-panel widget widget_black-studio-tinymce widget_black_studio_tinymce panel-first-child\" data-index=\"0\" ><div class=\"textwidget\"><p><a href=\"https:\/\/www.seguridad.gob.sv\/cna\/wp-content\/uploads\/2021\/10\/DSCN5975-scaled.jpg\"><img class=\"wp-image-3515 aligncenter\" src=\"https:\/\/www.seguridad.gob.sv\/cna\/wp-content\/uploads\/2021\/10\/DSCN5975-scaled.jpg\" alt=\"\" width=\"454\" height=\"340\" \/><\/a><\/p>\n<\/div><\/div><div id=\"panel-3514-0-0-1\" class=\"so-panel widget widget_black-studio-tinymce widget_black_studio_tinymce panel-last-child\" data-index=\"1\" ><div class=\"textwidget\"><p style=\"text-align: justify;\"><span style=\"font-size: 14pt;\">Esta ma\u00f1ana, el Director Ejecutivo de la Comisi\u00f3n Nacional Antidrogas, Eduardo Loyola, inaugur\u00f3 la primera Jornada de Capacitaci\u00f3n sobre Reg\u00edmenes Aduaneros.<\/span><\/p>\n<p style=\"text-align: justify;\"><span style=\"font-size: 14pt;\">Esta jornada forma parte de las actividades que organiza el Grupo de Control de Sustancias (Grupo t\u00e9cnico coordinado por la Direcci\u00f3n Ejecutiva de la Comisi\u00f3n Nacional Antidrogas y conformado por representantes de la Direcci\u00f3n Nacional de Medicamentos, Polic\u00eda Nacional Civil y Direcci\u00f3n General de Aduanas), como parte del programa de capacitaci\u00f3n continua, con el fin de mantener una actualizaci\u00f3n constante y fortalecer\u00a0 los conocimientos del personal operativo de las instituciones vinculadas al tema del control de sustancias.<\/span><\/p>\n<p style=\"text-align: justify;\"><span style=\"font-size: 14pt;\">La actividad fortalece, adem\u00e1s, el cumplimiento de las metas y objetivos tanto de la Estrategia Nacional Antidrogas, ENA 2016-2021, como la Estrategia Pa\u00eds para el Fortalecimiento Institucional en la Interdicci\u00f3n de Drogas y Precursores Qu\u00edmicos El Salvador, en el marco del Proyecto UNDESA.<\/span><\/p>\n<p style=\"text-align: justify;\"><span style=\"font-size: 14pt;\">Con estas jornadas, se tiene previsto capacitar a un aproximado de 80 elementos operativos que forman parte de las instituciones vinculadas a estos temas: Divisi\u00f3n Antinarc\u00f3ticos de la Polic\u00eda Nacional Civil, Subdirecci\u00f3n T\u00e9cnica Cient\u00edfica Forense de la Polic\u00eda Nacional Civil y personal de la Direcci\u00f3n Nacional de Medicamentos de las \u00e1reas de Procesos Regulatorios, Inscripci\u00f3n de Productos Qu\u00edmicos, Unidad de Estupefacientes, Importaciones, Exportaciones y Donaciones; y Litigios Regulatorios.<\/span><\/p>\n<\/div><\/div><\/div><\/div><\/div>","protected":false},"excerpt":{"rendered":"<p>Esta ma\u00f1ana, el Director Ejecutivo de la Comisi\u00f3n Nacional Antidrogas, Eduardo Loyola, inaugur\u00f3 la primera Jornada de Capacitaci\u00f3n sobre Reg\u00edmenes Aduaneros. Esta jornada forma parte de las actividades que organiza el Grupo de Control&#46;&#46;&#46;<\/p>\n","protected":false},"author":1,"featured_media":3517,"comment_status":"open","ping_status":"open","sticky":false,"template":"","format":"standard","meta":[],"categories":[9],"tags":[],"_links":{"self":[{"href":"https:\/\/www.seguridad.gob.sv\/cna\/index.php?rest_route=\/wp\/v2\/posts\/3514"}],"collection":[{"href":"https:\/\/www.seguridad.gob.sv\/cna\/index.php?rest_route=\/wp\/v2\/posts"}],"about":[{"href":"https:\/\/www.seguridad.gob.sv\/cna\/index.php?rest_route=\/wp\/v2\/types\/post"}],"author":[{"embeddable":true,"href":"https:\/\/www.seguridad.gob.sv\/cna\/index.php?rest_route=\/wp\/v2\/users\/1"}],"replies":[{"embeddable":true,"href":"https:\/\/www.seguridad.gob.sv\/cna\/index.php?rest_route=%2Fwp%2Fv2%2Fcomments&post=3514"}],"version-history":[{"count":1,"href":"https:\/\/www.seguridad.gob.sv\/cna\/index.php?rest_route=\/wp\/v2\/posts\/3514\/revisions"}],"predecessor-version":[{"id":3516,"href":"https:\/\/www.seguridad.gob.sv\/cna\/index.php?rest_route=\/wp\/v2\/posts\/3514\/revisions\/3516"}],"wp:featuredmedia":[{"embeddable":true,"href":"https:\/\/www.seguridad.gob.sv\/cna\/index.php?rest_route=\/wp\/v2\/media\/3517"}],"wp:attachment":[{"href":"https:\/\/www.seguridad.gob.sv\/cna\/index.php?rest_route=%2Fwp%2Fv2%2Fmedia&parent=3514"}],"wp:term":[{"taxonomy":"category","embeddable":true,"href":"https:\/\/www.seguridad.gob.sv\/cna\/index.php?rest_route=%2Fwp%2Fv2%2Fcategories&post=3514"},{"taxonomy":"post_tag","embeddable":true,"href":"https:\/\/www.seguridad.gob.sv\/cna\/index.php?rest_route=%2Fwp%2Fv2%2Ftags&post=3514"}],"curies":[{"name":"wp","href":"https:\/\/api.w.org\/{rel}","templated":true}]}}