{"id":3520,"date":"2021-10-27T19:43:33","date_gmt":"2021-10-27T19:43:33","guid":{"rendered":"https:\/\/www.seguridad.gob.sv\/cna\/?p=3520"},"modified":"2021-10-27T19:44:38","modified_gmt":"2021-10-27T19:44:38","slug":"informe-nacional-2021-sobre-la-situacion-de-las-drogas-en-el-salvador","status":"publish","type":"post","link":"https:\/\/www.seguridad.gob.sv\/cna\/?p=3520","title":{"rendered":"Informe Nacional 2021, sobre la situaci\u00f3n de las drogas en El Salvador"},"content":{"rendered":"<div id=\"pl-3520\"  class=\"panel-layout\" ><div id=\"pg-3520-0\"  class=\"panel-grid panel-no-style\" ><div id=\"pgc-3520-0-0\"  class=\"panel-grid-cell\" ><div id=\"panel-3520-0-0-0\" class=\"so-panel widget widget_black-studio-tinymce widget_black_studio_tinymce panel-first-child panel-last-child\" data-index=\"0\" ><div class=\"textwidget\"><p><a href=\"https:\/\/www.seguridad.gob.sv\/cna\/wp-content\/uploads\/2021\/10\/Informe-nacional-El-Salvador-2021-Ver-27Sept2021-1-E-Book_CPortada.pdf\" target=\"_blank\" rel=\"noopener\"><img class=\"aligncenter wp-image-3522\" title=\"Presione sobre la imagen para descargar el pdf\" src=\"https:\/\/www.seguridad.gob.sv\/cna\/wp-content\/uploads\/2021\/10\/portada-CNA_Mesa-de-trabajo-1-copia-scaled.jpg\" alt=\"\" width=\"728\" height=\"942\" \/><\/a><\/p>\n<\/div><\/div><\/div><div id=\"pgc-3520-0-1\"  class=\"panel-grid-cell\" ><div id=\"panel-3520-0-1-0\" class=\"so-panel widget widget_black-studio-tinymce widget_black_studio_tinymce panel-first-child panel-last-child\" data-index=\"1\" ><div class=\"textwidget\"><p><a href=\"https:\/\/www.seguridad.gob.sv\/cna\/wp-content\/uploads\/2021\/10\/Resumen-Ejecutivo-Infografico-Ver30Sept2021-E-Book-1.pdf\" target=\"_blank\" rel=\"noopener\"><img class=\"aligncenter wp-image-3523 size-full\" title=\"Presione sobre la imagen para descargar el pdf\" src=\"https:\/\/www.seguridad.gob.sv\/cna\/wp-content\/uploads\/2021\/10\/portada-CNA_Mesa-de-trabajo-1-scaled.jpg\" alt=\"\" width=\"1978\" height=\"2560\" \/><\/a><\/p>\n<\/div><\/div><\/div><\/div><div id=\"pg-3520-1\"  class=\"panel-grid panel-no-style\" ><div id=\"pgc-3520-1-0\"  class=\"panel-grid-cell\" ><div id=\"panel-3520-1-0-0\" class=\"so-panel widget widget_black-studio-tinymce widget_black_studio_tinymce panel-first-child panel-last-child\" data-index=\"2\" ><div class=\"textwidget\"><p style=\"text-align: justify;\"><span style=\"font-weight: 400; font-size: 14pt;\">La pandemia de la Covid-19 ha afectado a toda la sociedad de distintas maneras; en este sentido, producto de esta situaci\u00f3n sanitaria han aumentado los riesgos de factores asociados al consumo de sustancias.<\/span><\/p>\n<p style=\"text-align: justify;\"><span style=\"font-weight: 400; font-size: 14pt;\">Por tal raz\u00f3n, debemos entender el contexto en el cual se enmarca el presente Informe Nacional sobre Drogas 2021, el cual presenta datos actualizados en esta problem\u00e1tica, a nivel nacional.<\/span><\/p>\n<p style=\"text-align: justify;\"><span style=\"font-weight: 400; font-size: 14pt;\">El objetivo de contar con este Informe es que sirva como insumo para abordar con rigor el problema de las drogas en El Salvador y sea una herramienta \u00fatil a la hora de dise\u00f1ar acciones, a trav\u00e9s de la implementaci\u00f3n de pol\u00edticas p\u00fablicas en salud basadas en evidencia cient\u00edfica, medible y comprobable.<\/span><\/p>\n<\/div><\/div><\/div><\/div><\/div>","protected":false},"excerpt":{"rendered":"<p>La pandemia de la Covid-19 ha afectado a toda la sociedad de distintas maneras; en este sentido, producto de esta situaci\u00f3n sanitaria han aumentado los riesgos de factores asociados al consumo de sustancias. Por&#46;&#46;&#46;<\/p>\n","protected":false},"author":1,"featured_media":3522,"comment_status":"open","ping_status":"open","sticky":false,"template":"","format":"standard","meta":[],"categories":[30],"tags":[],"_links":{"self":[{"href":"https:\/\/www.seguridad.gob.sv\/cna\/index.php?rest_route=\/wp\/v2\/posts\/3520"}],"collection":[{"href":"https:\/\/www.seguridad.gob.sv\/cna\/index.php?rest_route=\/wp\/v2\/posts"}],"about":[{"href":"https:\/\/www.seguridad.gob.sv\/cna\/index.php?rest_route=\/wp\/v2\/types\/post"}],"author":[{"embeddable":true,"href":"https:\/\/www.seguridad.gob.sv\/cna\/index.php?rest_route=\/wp\/v2\/users\/1"}],"replies":[{"embeddable":true,"href":"https:\/\/www.seguridad.gob.sv\/cna\/index.php?rest_route=%2Fwp%2Fv2%2Fcomments&post=3520"}],"version-history":[{"count":7,"href":"https:\/\/www.seguridad.gob.sv\/cna\/index.php?rest_route=\/wp\/v2\/posts\/3520\/revisions"}],"predecessor-version":[{"id":4012,"href":"https:\/\/www.seguridad.gob.sv\/cna\/index.php?rest_route=\/wp\/v2\/posts\/3520\/revisions\/4012"}],"wp:featuredmedia":[{"embeddable":true,"href":"https:\/\/www.seguridad.gob.sv\/cna\/index.php?rest_route=\/wp\/v2\/media\/3522"}],"wp:attachment":[{"href":"https:\/\/www.seguridad.gob.sv\/cna\/index.php?rest_route=%2Fwp%2Fv2%2Fmedia&parent=3520"}],"wp:term":[{"taxonomy":"category","embeddable":true,"href":"https:\/\/www.seguridad.gob.sv\/cna\/index.php?rest_route=%2Fwp%2Fv2%2Fcategories&post=3520"},{"taxonomy":"post_tag","embeddable":true,"href":"https:\/\/www.seguridad.gob.sv\/cna\/index.php?rest_route=%2Fwp%2Fv2%2Ftags&post=3520"}],"curies":[{"name":"wp","href":"https:\/\/api.w.org\/{rel}","templated":true}]}}