{"id":3570,"date":"2022-01-13T19:26:44","date_gmt":"2022-01-13T19:26:44","guid":{"rendered":"https:\/\/www.seguridad.gob.sv\/cna\/?p=3570"},"modified":"2022-01-13T19:33:41","modified_gmt":"2022-01-13T19:33:41","slug":"memoria-de-labores-2021","status":"publish","type":"post","link":"https:\/\/www.seguridad.gob.sv\/cna\/?p=3570","title":{"rendered":"Memoria de Labores-2021"},"content":{"rendered":"<div id=\"pl-3570\"  class=\"panel-layout\" ><div id=\"pg-3570-0\"  class=\"panel-grid panel-no-style\" ><div id=\"pgc-3570-0-0\"  class=\"panel-grid-cell\" ><div id=\"panel-3570-0-0-0\" class=\"so-panel widget widget_black-studio-tinymce widget_black_studio_tinymce panel-first-child panel-last-child\" data-index=\"0\" ><div class=\"textwidget\"><p><a href=\"https:\/\/www.seguridad.gob.sv\/cna\/?wpdmpro=memoria-de-labores-2021\" target=\"_blank\" rel=\"noopener\"><img class=\"alignright wp-image-3565\" title=\"Presione sobre la imagen para descargar el PDF\" src=\"https:\/\/www.seguridad.gob.sv\/cna\/wp-content\/uploads\/2022\/01\/imagen-scaled.jpg\" alt=\"\" width=\"270\" height=\"350\" \/><\/a><\/p>\n<\/div><\/div><\/div><div id=\"pgc-3570-0-1\"  class=\"panel-grid-cell\" ><div id=\"panel-3570-0-1-0\" class=\"so-panel widget widget_black-studio-tinymce widget_black_studio_tinymce panel-first-child panel-last-child\" data-index=\"1\" ><div class=\"textwidget\"><p>&nbsp;<\/p>\n<p><span style=\"font-size: 14pt;\">Informamos que ya est\u00e1 disponible la Memoria de Labores-2021 de la Direcci\u00f3n Ejecutiva de la Comisi\u00f3n Nacional Antidrogas. <\/span><\/p>\n<p><span style=\"font-size: 14pt;\">Este es un documento divulgativo de las principales actividades que realiz\u00f3 esta Direcci\u00f3n Ejecutiva durante el reci\u00e9n pasado 2021,<\/span><\/p>\n<p><span style=\"font-size: 14pt;\">entre las cuales podemos destacar:\u00a0<\/span><\/p>\n<p><span style=\"font-size: 14pt;\"> - Graduaci\u00f3n de Operadores Socio terap\u00e9uticos en Adicciones. <\/span><\/p>\n<p><span style=\"font-size: 14pt;\">- El apoyo t\u00e9cnico a AIRCOP. <\/span><\/p>\n<p><span style=\"font-size: 14pt;\">- Lanzamiento de Estrategia Subregional (El Salvador-Costa Rica-Colombia) (<a href=\"http:\/\/www.controlsubregional.com\">www.controlsubregional.com<\/a>).<\/span><\/p>\n<\/div><\/div><\/div><\/div><\/div>","protected":false},"excerpt":{"rendered":"<p>&nbsp; Informamos que ya est\u00e1 disponible la Memoria de Labores-2021 de la Direcci\u00f3n Ejecutiva de la Comisi\u00f3n Nacional Antidrogas. Este es un documento divulgativo de las principales actividades que realiz\u00f3 esta Direcci\u00f3n Ejecutiva durante&#46;&#46;&#46;<\/p>\n","protected":false},"author":1,"featured_media":3565,"comment_status":"open","ping_status":"open","sticky":false,"template":"","format":"standard","meta":[],"categories":[30],"tags":[],"_links":{"self":[{"href":"https:\/\/www.seguridad.gob.sv\/cna\/index.php?rest_route=\/wp\/v2\/posts\/3570"}],"collection":[{"href":"https:\/\/www.seguridad.gob.sv\/cna\/index.php?rest_route=\/wp\/v2\/posts"}],"about":[{"href":"https:\/\/www.seguridad.gob.sv\/cna\/index.php?rest_route=\/wp\/v2\/types\/post"}],"author":[{"embeddable":true,"href":"https:\/\/www.seguridad.gob.sv\/cna\/index.php?rest_route=\/wp\/v2\/users\/1"}],"replies":[{"embeddable":true,"href":"https:\/\/www.seguridad.gob.sv\/cna\/index.php?rest_route=%2Fwp%2Fv2%2Fcomments&post=3570"}],"version-history":[{"count":4,"href":"https:\/\/www.seguridad.gob.sv\/cna\/index.php?rest_route=\/wp\/v2\/posts\/3570\/revisions"}],"predecessor-version":[{"id":3572,"href":"https:\/\/www.seguridad.gob.sv\/cna\/index.php?rest_route=\/wp\/v2\/posts\/3570\/revisions\/3572"}],"wp:featuredmedia":[{"embeddable":true,"href":"https:\/\/www.seguridad.gob.sv\/cna\/index.php?rest_route=\/wp\/v2\/media\/3565"}],"wp:attachment":[{"href":"https:\/\/www.seguridad.gob.sv\/cna\/index.php?rest_route=%2Fwp%2Fv2%2Fmedia&parent=3570"}],"wp:term":[{"taxonomy":"category","embeddable":true,"href":"https:\/\/www.seguridad.gob.sv\/cna\/index.php?rest_route=%2Fwp%2Fv2%2Fcategories&post=3570"},{"taxonomy":"post_tag","embeddable":true,"href":"https:\/\/www.seguridad.gob.sv\/cna\/index.php?rest_route=%2Fwp%2Fv2%2Ftags&post=3570"}],"curies":[{"name":"wp","href":"https:\/\/api.w.org\/{rel}","templated":true}]}}