{"id":3605,"date":"2022-03-03T21:15:31","date_gmt":"2022-03-03T21:15:31","guid":{"rendered":"https:\/\/www.seguridad.gob.sv\/cna\/?p=3605"},"modified":"2022-03-03T21:15:31","modified_gmt":"2022-03-03T21:15:31","slug":"clausura-de-capacitacion-trunarc","status":"publish","type":"post","link":"https:\/\/www.seguridad.gob.sv\/cna\/?p=3605","title":{"rendered":"Clausura de Capacitaci\u00f3n TruNarc"},"content":{"rendered":"<div id=\"pl-3605\"  class=\"panel-layout\" ><div id=\"pg-3605-0\"  class=\"panel-grid panel-no-style\" ><div id=\"pgc-3605-0-0\"  class=\"panel-grid-cell\" ><div id=\"panel-3605-0-0-0\" class=\"so-panel widget widget_media_image panel-first-child panel-last-child\" data-index=\"0\" ><img width=\"300\" height=\"200\" src=\"https:\/\/www.seguridad.gob.sv\/cna\/wp-content\/uploads\/2022\/03\/WhatsApp-Image-2022-03-03-at-2.13.05-PM-300x200.jpeg\" class=\"image wp-image-3615  attachment-medium size-medium\" alt=\"\" decoding=\"async\" loading=\"lazy\" style=\"max-width: 100%; height: auto;\" srcset=\"https:\/\/www.seguridad.gob.sv\/cna\/wp-content\/uploads\/2022\/03\/WhatsApp-Image-2022-03-03-at-2.13.05-PM-300x200.jpeg 300w, https:\/\/www.seguridad.gob.sv\/cna\/wp-content\/uploads\/2022\/03\/WhatsApp-Image-2022-03-03-at-2.13.05-PM-1024x682.jpeg 1024w, https:\/\/www.seguridad.gob.sv\/cna\/wp-content\/uploads\/2022\/03\/WhatsApp-Image-2022-03-03-at-2.13.05-PM-768x512.jpeg 768w, https:\/\/www.seguridad.gob.sv\/cna\/wp-content\/uploads\/2022\/03\/WhatsApp-Image-2022-03-03-at-2.13.05-PM-272x182.jpeg 272w, https:\/\/www.seguridad.gob.sv\/cna\/wp-content\/uploads\/2022\/03\/WhatsApp-Image-2022-03-03-at-2.13.05-PM.jpeg 1280w\" sizes=\"(max-width: 300px) 100vw, 300px\" \/><\/div><\/div><div id=\"pgc-3605-0-1\"  class=\"panel-grid-cell\" ><div id=\"panel-3605-0-1-0\" class=\"so-panel widget widget_media_image panel-first-child panel-last-child\" data-index=\"1\" ><img width=\"300\" height=\"200\" src=\"https:\/\/www.seguridad.gob.sv\/cna\/wp-content\/uploads\/2022\/03\/WhatsApp-Image-2022-03-03-at-2.13.04-PM-300x200.jpeg\" class=\"image wp-image-3607  attachment-medium size-medium\" alt=\"\" decoding=\"async\" loading=\"lazy\" style=\"max-width: 100%; height: auto;\" srcset=\"https:\/\/www.seguridad.gob.sv\/cna\/wp-content\/uploads\/2022\/03\/WhatsApp-Image-2022-03-03-at-2.13.04-PM-300x200.jpeg 300w, https:\/\/www.seguridad.gob.sv\/cna\/wp-content\/uploads\/2022\/03\/WhatsApp-Image-2022-03-03-at-2.13.04-PM-1024x682.jpeg 1024w, https:\/\/www.seguridad.gob.sv\/cna\/wp-content\/uploads\/2022\/03\/WhatsApp-Image-2022-03-03-at-2.13.04-PM-768x512.jpeg 768w, https:\/\/www.seguridad.gob.sv\/cna\/wp-content\/uploads\/2022\/03\/WhatsApp-Image-2022-03-03-at-2.13.04-PM-272x182.jpeg 272w, https:\/\/www.seguridad.gob.sv\/cna\/wp-content\/uploads\/2022\/03\/WhatsApp-Image-2022-03-03-at-2.13.04-PM.jpeg 1280w\" sizes=\"(max-width: 300px) 100vw, 300px\" \/><\/div><\/div><div id=\"pgc-3605-0-2\"  class=\"panel-grid-cell\" ><div id=\"panel-3605-0-2-0\" class=\"so-panel widget widget_media_image panel-first-child panel-last-child\" data-index=\"2\" ><img width=\"300\" height=\"200\" src=\"https:\/\/www.seguridad.gob.sv\/cna\/wp-content\/uploads\/2022\/03\/WhatsApp-Image-2022-03-03-at-2.13.05-PM-3-300x200.jpeg\" class=\"image wp-image-3608  attachment-medium size-medium\" alt=\"\" decoding=\"async\" loading=\"lazy\" style=\"max-width: 100%; height: auto;\" srcset=\"https:\/\/www.seguridad.gob.sv\/cna\/wp-content\/uploads\/2022\/03\/WhatsApp-Image-2022-03-03-at-2.13.05-PM-3-300x200.jpeg 300w, https:\/\/www.seguridad.gob.sv\/cna\/wp-content\/uploads\/2022\/03\/WhatsApp-Image-2022-03-03-at-2.13.05-PM-3-1024x682.jpeg 1024w, https:\/\/www.seguridad.gob.sv\/cna\/wp-content\/uploads\/2022\/03\/WhatsApp-Image-2022-03-03-at-2.13.05-PM-3-768x512.jpeg 768w, https:\/\/www.seguridad.gob.sv\/cna\/wp-content\/uploads\/2022\/03\/WhatsApp-Image-2022-03-03-at-2.13.05-PM-3-272x182.jpeg 272w, https:\/\/www.seguridad.gob.sv\/cna\/wp-content\/uploads\/2022\/03\/WhatsApp-Image-2022-03-03-at-2.13.05-PM-3.jpeg 1280w\" sizes=\"(max-width: 300px) 100vw, 300px\" \/><\/div><\/div><\/div><div id=\"pg-3605-1\"  class=\"panel-grid panel-no-style\" ><div id=\"pgc-3605-1-0\"  class=\"panel-grid-cell\" ><div id=\"panel-3605-1-0-0\" class=\"so-panel widget widget_black-studio-tinymce widget_black_studio_tinymce panel-first-child panel-last-child\" data-index=\"3\" ><div class=\"textwidget\"><p style=\"text-align: justify;\"><span style=\"font-size: 14pt;\">El Ministerio de Justicia y Seguridad P\u00fablica (MJSP) y la Comisi\u00f3n Nacional Antidrogas (CNA), en conjunto con la Oficina de las Naciones Unidas contra la Droga y el Delito (UNODC), clausuraron la capacitaci\u00f3n sobre el uso de los modernos dispositivos TruNarc para la detecci\u00f3n de drogas, en el Centro de Investigaci\u00f3n Forense de la Polic\u00eda Nacional Civil (CIF).<\/span><\/p>\n<p style=\"text-align: justify;\"><span style=\"font-size: 14pt;\">TruNarc es un dispositivo electr\u00f3nico port\u00e1til analizador de drogas que tiene por\u00a0 objetivo fortalecer an\u00e1lisis, informes y tendencias que vendr\u00e1n a mejorar las capacidades t\u00e9cnicas de los aplicadores de la ley a la hora de detectar nuevas sustancias psicoactivas y drogas sint\u00e9ticas.<\/span><\/p>\n<p style=\"text-align: justify;\"><span style=\"font-size: 14pt;\">El personal beneficiado con este entrenamiento pertenece a la Divisi\u00f3n Antinarc\u00f3ticos (DAN), el Laboratorio de Sustancias Controladas y el Programa AIRCOP, todos miembros de la Polic\u00eda Nacional Civil, quienes ser\u00e1n los encargados de detectar e identificar de forma precisa nuevas sustancias desde cualquier zona fronteriza de nuestro pa\u00eds. Todo esto con el fin de contribuir de forma efectiva al Sistema de Alerta Temprana en la detecci\u00f3n de drogas emergentes.<\/span><\/p>\n<p style=\"text-align: justify;\"><span style=\"font-size: 14pt;\">El Gobierno central continuar\u00e1 apoyando todo tipo de proyectos que impulsan una mayor efectividad y dinamismo a la hora de contrarrestar el tr\u00e1fico de drogas, compromiso adquirido por el Presidente Nayib Bukele con el fin de velar por el bienestar de todos los salvadore\u00f1os.<\/span><\/p>\n<\/div><\/div><\/div><\/div><\/div>","protected":false},"excerpt":{"rendered":"<p>El Ministerio de Justicia y Seguridad P\u00fablica (MJSP) y la Comisi\u00f3n Nacional Antidrogas (CNA), en conjunto con la Oficina de las Naciones Unidas contra la Droga y el Delito (UNODC), clausuraron la capacitaci\u00f3n sobre&#46;&#46;&#46;<\/p>\n","protected":false},"author":1,"featured_media":3618,"comment_status":"open","ping_status":"open","sticky":false,"template":"","format":"standard","meta":[],"categories":[9],"tags":[],"_links":{"self":[{"href":"https:\/\/www.seguridad.gob.sv\/cna\/index.php?rest_route=\/wp\/v2\/posts\/3605"}],"collection":[{"href":"https:\/\/www.seguridad.gob.sv\/cna\/index.php?rest_route=\/wp\/v2\/posts"}],"about":[{"href":"https:\/\/www.seguridad.gob.sv\/cna\/index.php?rest_route=\/wp\/v2\/types\/post"}],"author":[{"embeddable":true,"href":"https:\/\/www.seguridad.gob.sv\/cna\/index.php?rest_route=\/wp\/v2\/users\/1"}],"replies":[{"embeddable":true,"href":"https:\/\/www.seguridad.gob.sv\/cna\/index.php?rest_route=%2Fwp%2Fv2%2Fcomments&post=3605"}],"version-history":[{"count":10,"href":"https:\/\/www.seguridad.gob.sv\/cna\/index.php?rest_route=\/wp\/v2\/posts\/3605\/revisions"}],"predecessor-version":[{"id":3620,"href":"https:\/\/www.seguridad.gob.sv\/cna\/index.php?rest_route=\/wp\/v2\/posts\/3605\/revisions\/3620"}],"wp:featuredmedia":[{"embeddable":true,"href":"https:\/\/www.seguridad.gob.sv\/cna\/index.php?rest_route=\/wp\/v2\/media\/3618"}],"wp:attachment":[{"href":"https:\/\/www.seguridad.gob.sv\/cna\/index.php?rest_route=%2Fwp%2Fv2%2Fmedia&parent=3605"}],"wp:term":[{"taxonomy":"category","embeddable":true,"href":"https:\/\/www.seguridad.gob.sv\/cna\/index.php?rest_route=%2Fwp%2Fv2%2Fcategories&post=3605"},{"taxonomy":"post_tag","embeddable":true,"href":"https:\/\/www.seguridad.gob.sv\/cna\/index.php?rest_route=%2Fwp%2Fv2%2Ftags&post=3605"}],"curies":[{"name":"wp","href":"https:\/\/api.w.org\/{rel}","templated":true}]}}