{"id":3623,"date":"2022-04-21T17:26:22","date_gmt":"2022-04-21T17:26:22","guid":{"rendered":"https:\/\/www.seguridad.gob.sv\/cna\/?p=3623"},"modified":"2022-04-21T17:26:57","modified_gmt":"2022-04-21T17:26:57","slug":"director-ejecutivo-de-la-cna-visita-cubo","status":"publish","type":"post","link":"https:\/\/www.seguridad.gob.sv\/cna\/?p=3623","title":{"rendered":"Director Ejecutivo de la CNA visita CUBO"},"content":{"rendered":"<div id=\"pl-3623\"  class=\"panel-layout\" ><div id=\"pg-3623-0\"  class=\"panel-grid panel-no-style\" ><div id=\"pgc-3623-0-0\"  class=\"panel-grid-cell\" ><div id=\"panel-3623-0-0-0\" class=\"so-panel widget widget_media_image panel-first-child panel-last-child\" data-index=\"0\" ><img width=\"1024\" height=\"768\" src=\"https:\/\/www.seguridad.gob.sv\/cna\/wp-content\/uploads\/2022\/04\/DSCN6502-1024x768.jpg\" class=\"image wp-image-3625  attachment-large size-large\" alt=\"\" decoding=\"async\" loading=\"lazy\" style=\"max-width: 100%; height: auto;\" srcset=\"https:\/\/www.seguridad.gob.sv\/cna\/wp-content\/uploads\/2022\/04\/DSCN6502-1024x768.jpg 1024w, https:\/\/www.seguridad.gob.sv\/cna\/wp-content\/uploads\/2022\/04\/DSCN6502-300x225.jpg 300w, https:\/\/www.seguridad.gob.sv\/cna\/wp-content\/uploads\/2022\/04\/DSCN6502-768x576.jpg 768w, https:\/\/www.seguridad.gob.sv\/cna\/wp-content\/uploads\/2022\/04\/DSCN6502-1536x1152.jpg 1536w, https:\/\/www.seguridad.gob.sv\/cna\/wp-content\/uploads\/2022\/04\/DSCN6502-2048x1536.jpg 2048w\" sizes=\"(max-width: 1024px) 100vw, 1024px\" \/><\/div><\/div><div id=\"pgc-3623-0-1\"  class=\"panel-grid-cell\" ><div id=\"panel-3623-0-1-0\" class=\"so-panel widget widget_media_image panel-first-child panel-last-child\" data-index=\"1\" ><img width=\"1024\" height=\"768\" src=\"https:\/\/www.seguridad.gob.sv\/cna\/wp-content\/uploads\/2022\/04\/DSCN6523-1024x768.jpg\" class=\"image wp-image-3626  attachment-large size-large\" alt=\"\" decoding=\"async\" loading=\"lazy\" style=\"max-width: 100%; height: auto;\" srcset=\"https:\/\/www.seguridad.gob.sv\/cna\/wp-content\/uploads\/2022\/04\/DSCN6523-1024x768.jpg 1024w, https:\/\/www.seguridad.gob.sv\/cna\/wp-content\/uploads\/2022\/04\/DSCN6523-300x225.jpg 300w, https:\/\/www.seguridad.gob.sv\/cna\/wp-content\/uploads\/2022\/04\/DSCN6523-768x576.jpg 768w, https:\/\/www.seguridad.gob.sv\/cna\/wp-content\/uploads\/2022\/04\/DSCN6523-1536x1152.jpg 1536w, https:\/\/www.seguridad.gob.sv\/cna\/wp-content\/uploads\/2022\/04\/DSCN6523-2048x1536.jpg 2048w\" sizes=\"(max-width: 1024px) 100vw, 1024px\" \/><\/div><\/div><\/div><div id=\"pg-3623-1\"  class=\"panel-grid panel-no-style\" ><div id=\"pgc-3623-1-0\"  class=\"panel-grid-cell\" ><div id=\"panel-3623-1-0-0\" class=\"so-panel widget widget_black-studio-tinymce widget_black_studio_tinymce panel-first-child panel-last-child\" data-index=\"2\" ><div class=\"textwidget\"><p style=\"text-align: justify;\"><span style=\"font-size: 14pt;\">Recientemente, el Director Ejecutivo de la Comisi\u00f3n Nacional Antidrogas, Eduardo Loyola, conoci\u00f3 de primera mano el trabajo que se realiza en el Centro Urbano de Bienestar y Oportunidades (CUBO), en la colonia Zacamil.<\/span><\/p>\n<p style=\"text-align: justify;\"><span style=\"font-size: 14pt;\">Junto con el Director de Reconstrucci\u00f3n del Tejido Social, Carlos Marroqu\u00edn, hicieron un recorrido en las instalaciones para comprender mejor la filosof\u00eda de los CUBOS como espacios a trav\u00e9s de los cuales se puedan generar un conjunto de acciones que permitan desarrollar los programas de prevenci\u00f3n y desarrollo de habilidades en poblaciones vulnerables, garantizando un mayor alcance en todas las comunidades en donde funcionan los CUBOS.<\/span><\/p>\n<p style=\"text-align: justify;\"><span style=\"font-size: 14pt;\">Este es un momento oportuno para fortalecer todas las acciones y pol\u00edticas en materia de prevenci\u00f3n, para generar nuevos factores de protecci\u00f3n y minimizar factores de riesgo en nuestros ni\u00f1os, ni\u00f1as y adolescentes para disminuir la posibilidad que caigan en las garras de la violencia, la delincuencia y las drogas.<\/span><\/p>\n<\/div><\/div><\/div><\/div><\/div>","protected":false},"excerpt":{"rendered":"<p>Recientemente, el Director Ejecutivo de la Comisi\u00f3n Nacional Antidrogas, Eduardo Loyola, conoci\u00f3 de primera mano el trabajo que se realiza en el Centro Urbano de Bienestar y Oportunidades (CUBO), en la colonia Zacamil. Junto&#46;&#46;&#46;<\/p>\n","protected":false},"author":1,"featured_media":3633,"comment_status":"open","ping_status":"open","sticky":false,"template":"","format":"standard","meta":[],"categories":[9],"tags":[],"_links":{"self":[{"href":"https:\/\/www.seguridad.gob.sv\/cna\/index.php?rest_route=\/wp\/v2\/posts\/3623"}],"collection":[{"href":"https:\/\/www.seguridad.gob.sv\/cna\/index.php?rest_route=\/wp\/v2\/posts"}],"about":[{"href":"https:\/\/www.seguridad.gob.sv\/cna\/index.php?rest_route=\/wp\/v2\/types\/post"}],"author":[{"embeddable":true,"href":"https:\/\/www.seguridad.gob.sv\/cna\/index.php?rest_route=\/wp\/v2\/users\/1"}],"replies":[{"embeddable":true,"href":"https:\/\/www.seguridad.gob.sv\/cna\/index.php?rest_route=%2Fwp%2Fv2%2Fcomments&post=3623"}],"version-history":[{"count":11,"href":"https:\/\/www.seguridad.gob.sv\/cna\/index.php?rest_route=\/wp\/v2\/posts\/3623\/revisions"}],"predecessor-version":[{"id":3637,"href":"https:\/\/www.seguridad.gob.sv\/cna\/index.php?rest_route=\/wp\/v2\/posts\/3623\/revisions\/3637"}],"wp:featuredmedia":[{"embeddable":true,"href":"https:\/\/www.seguridad.gob.sv\/cna\/index.php?rest_route=\/wp\/v2\/media\/3633"}],"wp:attachment":[{"href":"https:\/\/www.seguridad.gob.sv\/cna\/index.php?rest_route=%2Fwp%2Fv2%2Fmedia&parent=3623"}],"wp:term":[{"taxonomy":"category","embeddable":true,"href":"https:\/\/www.seguridad.gob.sv\/cna\/index.php?rest_route=%2Fwp%2Fv2%2Fcategories&post=3623"},{"taxonomy":"post_tag","embeddable":true,"href":"https:\/\/www.seguridad.gob.sv\/cna\/index.php?rest_route=%2Fwp%2Fv2%2Ftags&post=3623"}],"curies":[{"name":"wp","href":"https:\/\/api.w.org\/{rel}","templated":true}]}}