{"id":3924,"date":"2022-10-17T17:02:28","date_gmt":"2022-10-17T17:02:28","guid":{"rendered":"https:\/\/www.seguridad.gob.sv\/cna\/?p=3924"},"modified":"2022-10-17T17:02:28","modified_gmt":"2022-10-17T17:02:28","slug":"experto-de-naciones-unidas-visita-ucc-de-acajutla","status":"publish","type":"post","link":"https:\/\/www.seguridad.gob.sv\/cna\/?p=3924","title":{"rendered":"Experto de Naciones Unidas visita UCC de Acajutla"},"content":{"rendered":"<div id=\"pl-3924\"  class=\"panel-layout\" ><div id=\"pg-3924-0\"  class=\"panel-grid panel-no-style\" ><div id=\"pgc-3924-0-0\"  class=\"panel-grid-cell panel-grid-cell-empty\" ><\/div><div id=\"pgc-3924-0-1\"  class=\"panel-grid-cell panel-grid-cell-mobile-last\" ><div id=\"panel-3924-0-1-0\" class=\"so-panel widget widget_media_image panel-first-child panel-last-child\" data-index=\"0\" ><img width=\"1024\" height=\"768\" src=\"https:\/\/www.seguridad.gob.sv\/cna\/wp-content\/uploads\/2022\/10\/20221007_090957-1024x768.jpg\" class=\"image wp-image-3925  attachment-large size-large\" alt=\"\" decoding=\"async\" loading=\"lazy\" style=\"max-width: 100%; height: auto;\" srcset=\"https:\/\/www.seguridad.gob.sv\/cna\/wp-content\/uploads\/2022\/10\/20221007_090957-1024x768.jpg 1024w, https:\/\/www.seguridad.gob.sv\/cna\/wp-content\/uploads\/2022\/10\/20221007_090957-300x225.jpg 300w, https:\/\/www.seguridad.gob.sv\/cna\/wp-content\/uploads\/2022\/10\/20221007_090957-768x576.jpg 768w, https:\/\/www.seguridad.gob.sv\/cna\/wp-content\/uploads\/2022\/10\/20221007_090957-1536x1152.jpg 1536w, https:\/\/www.seguridad.gob.sv\/cna\/wp-content\/uploads\/2022\/10\/20221007_090957-2048x1536.jpg 2048w\" sizes=\"(max-width: 1024px) 100vw, 1024px\" \/><\/div><\/div><div id=\"pgc-3924-0-2\"  class=\"panel-grid-cell panel-grid-cell-empty\" ><\/div><\/div><div id=\"pg-3924-1\"  class=\"panel-grid panel-no-style\" ><div id=\"pgc-3924-1-0\"  class=\"panel-grid-cell\" ><div id=\"panel-3924-1-0-0\" class=\"so-panel widget widget_black-studio-tinymce widget_black_studio_tinymce panel-first-child panel-last-child\" data-index=\"1\" ><div class=\"textwidget\"><p style=\"text-align: justify;\"><span style=\"font-size: 14pt;\">C\u00e9sar Schiaffino, jefe de entrenadores del Programa Mundial de Contrl de Contenedores de la Oficina de las Naciones Unidas contra la Droga y el Delito (UNODC), sostuvo reuniones de trabajo con diversos funcionarios relacionados con la tem\u00e1tica.<\/span><\/p>\n<p style=\"text-align: justify;\"><span style=\"font-size: 14pt;\">El entrenador de la UCC se reuni\u00f3 con el Director Ejecutivo de la CNA, Eduardo Loyola y la Directora General de Aduanas, Samadhy Mart\u00ednez, con quienes actualiz\u00f3 el trabajo que realiza la Unidad de Control de Contenedores, destacada en el puerto de Acajutla.<\/span><\/p>\n<p style=\"text-align: justify;\"><span style=\"font-size: 14pt;\">C\u00e9sar Schiaffino tambi\u00e9n se reuni\u00f3 con el equipo de la UCC, con quienes abord\u00f3 temas sobre el funcionamiento de la Unidad con el perfilamiento de los contenedores que llegan al puerto.<\/span><\/p>\n<p style=\"text-align: justify;\"><span style=\"font-size: 14pt;\">El especialista de UNODC se entrevist\u00f3 con delegados de Aduanas en el Puerto de Acajutla, con quienes comparti\u00f3 el apoyo t\u00e9cnico de Naciones Unidas para fortalecer las funciones de la UCC.<\/span><\/p>\n<p>&nbsp;<\/p>\n<\/div><\/div><\/div><\/div><\/div>","protected":false},"excerpt":{"rendered":"<p>C\u00e9sar Schiaffino, jefe de entrenadores del Programa Mundial de Contrl de Contenedores de la Oficina de las Naciones Unidas contra la Droga y el Delito (UNODC), sostuvo reuniones de trabajo con diversos funcionarios relacionados&#46;&#46;&#46;<\/p>\n","protected":false},"author":1,"featured_media":3928,"comment_status":"open","ping_status":"open","sticky":false,"template":"","format":"standard","meta":[],"categories":[9],"tags":[],"_links":{"self":[{"href":"https:\/\/www.seguridad.gob.sv\/cna\/index.php?rest_route=\/wp\/v2\/posts\/3924"}],"collection":[{"href":"https:\/\/www.seguridad.gob.sv\/cna\/index.php?rest_route=\/wp\/v2\/posts"}],"about":[{"href":"https:\/\/www.seguridad.gob.sv\/cna\/index.php?rest_route=\/wp\/v2\/types\/post"}],"author":[{"embeddable":true,"href":"https:\/\/www.seguridad.gob.sv\/cna\/index.php?rest_route=\/wp\/v2\/users\/1"}],"replies":[{"embeddable":true,"href":"https:\/\/www.seguridad.gob.sv\/cna\/index.php?rest_route=%2Fwp%2Fv2%2Fcomments&post=3924"}],"version-history":[{"count":4,"href":"https:\/\/www.seguridad.gob.sv\/cna\/index.php?rest_route=\/wp\/v2\/posts\/3924\/revisions"}],"predecessor-version":[{"id":3930,"href":"https:\/\/www.seguridad.gob.sv\/cna\/index.php?rest_route=\/wp\/v2\/posts\/3924\/revisions\/3930"}],"wp:featuredmedia":[{"embeddable":true,"href":"https:\/\/www.seguridad.gob.sv\/cna\/index.php?rest_route=\/wp\/v2\/media\/3928"}],"wp:attachment":[{"href":"https:\/\/www.seguridad.gob.sv\/cna\/index.php?rest_route=%2Fwp%2Fv2%2Fmedia&parent=3924"}],"wp:term":[{"taxonomy":"category","embeddable":true,"href":"https:\/\/www.seguridad.gob.sv\/cna\/index.php?rest_route=%2Fwp%2Fv2%2Fcategories&post=3924"},{"taxonomy":"post_tag","embeddable":true,"href":"https:\/\/www.seguridad.gob.sv\/cna\/index.php?rest_route=%2Fwp%2Fv2%2Ftags&post=3924"}],"curies":[{"name":"wp","href":"https:\/\/api.w.org\/{rel}","templated":true}]}}