{"id":3931,"date":"2022-10-18T21:22:07","date_gmt":"2022-10-18T21:22:07","guid":{"rendered":"https:\/\/www.seguridad.gob.sv\/cna\/?p=3931"},"modified":"2022-10-18T21:22:07","modified_gmt":"2022-10-18T21:22:07","slug":"cna-inaugura-curso-de-formacion-para-especialistas-en-tratamiento","status":"publish","type":"post","link":"https:\/\/www.seguridad.gob.sv\/cna\/?p=3931","title":{"rendered":"CNA inaugura curso de formaci\u00f3n para Especialistas en Tratamiento"},"content":{"rendered":"<div id=\"pl-3931\"  class=\"panel-layout\" ><div id=\"pg-3931-0\"  class=\"panel-grid panel-no-style\" ><div id=\"pgc-3931-0-0\"  class=\"panel-grid-cell panel-grid-cell-empty\" ><\/div><div id=\"pgc-3931-0-1\"  class=\"panel-grid-cell panel-grid-cell-mobile-last\" ><div id=\"panel-3931-0-1-0\" class=\"so-panel widget widget_media_image panel-first-child panel-last-child\" data-index=\"0\" ><img width=\"1024\" height=\"768\" src=\"https:\/\/www.seguridad.gob.sv\/cna\/wp-content\/uploads\/2022\/10\/DSCN0359-1024x768.jpg\" class=\"image wp-image-3932  attachment-large size-large\" alt=\"\" decoding=\"async\" loading=\"lazy\" style=\"max-width: 100%; height: auto;\" srcset=\"https:\/\/www.seguridad.gob.sv\/cna\/wp-content\/uploads\/2022\/10\/DSCN0359-1024x768.jpg 1024w, https:\/\/www.seguridad.gob.sv\/cna\/wp-content\/uploads\/2022\/10\/DSCN0359-300x225.jpg 300w, https:\/\/www.seguridad.gob.sv\/cna\/wp-content\/uploads\/2022\/10\/DSCN0359-768x576.jpg 768w, https:\/\/www.seguridad.gob.sv\/cna\/wp-content\/uploads\/2022\/10\/DSCN0359-1536x1152.jpg 1536w, https:\/\/www.seguridad.gob.sv\/cna\/wp-content\/uploads\/2022\/10\/DSCN0359-2048x1536.jpg 2048w\" sizes=\"(max-width: 1024px) 100vw, 1024px\" \/><\/div><\/div><div id=\"pgc-3931-0-2\"  class=\"panel-grid-cell panel-grid-cell-empty\" ><\/div><\/div><div id=\"pg-3931-1\"  class=\"panel-grid panel-no-style\" ><div id=\"pgc-3931-1-0\"  class=\"panel-grid-cell\" ><div id=\"panel-3931-1-0-0\" class=\"so-panel widget widget_black-studio-tinymce widget_black_studio_tinymce panel-first-child panel-last-child\" data-index=\"1\" ><div class=\"textwidget\"><p style=\"text-align: justify;\"><span style=\"font-size: 14pt;\">La Direcci\u00f3n Ejecutiva de la Comisi\u00f3n Nacional Antidrogas, a trav\u00e9s de su director ejecutivo, el licenciado Eduardo Loyola, particip\u00f3 en la inauguraci\u00f3n del Curso de formaci\u00f3n para Especialistas en Tratamiento, en las instalaciones de la Universidad Salvadore\u00f1a Alberto Masferrer (USAM).<\/span><\/p>\n<p style=\"text-align: justify;\"><span style=\"font-size: 14pt;\">En un esfuerzo por la especializaci\u00f3n de los recursos en prevenci\u00f3n, este curso se est\u00e1 ejecutando con fondos propios de la CNA.<\/span><\/p>\n<p style=\"text-align: justify;\"><span style=\"font-size: 14pt;\">Dicho curso tiene como objetivo la capacitaci\u00f3n del personal que labora en unidades y establecimientos especializados de tratamiento a personas con consumo problem\u00e1tico de drogas. Los participantes ser\u00e1n preparados con base a la Curr\u00edcula Universal de Tratamiento para Trastornos por Uso de Sustancias Psicoactivas (UTC), de Colombo Plan.<\/span><\/p>\n<p style=\"text-align: justify;\"><span style=\"font-size: 14pt;\">La meta de estos cursos es reducir los problemas de salud, sociales y econ\u00f3micos asociados con Trastornos por Uso de Sustancias, a trav\u00e9s de la mejora en la capacidad de tratamiento por medio de la profesionalizaci\u00f3n de las personas implicadas en el tema.<\/span><\/p>\n<p style=\"text-align: justify;\"><span style=\"font-size: 14pt;\">El personal que recibir\u00e1 dicho curso proviene del Ministerio de Salud (Hospital Nacional Nacional Zacamil), el Fondo Solidario para la Salud (FOSALUD), el ISSS y centros de tratamiento con Sello de Buenas Pr\u00e1cticas.<\/span><\/p>\n<\/div><\/div><\/div><\/div><\/div>","protected":false},"excerpt":{"rendered":"<p>La Direcci\u00f3n Ejecutiva de la Comisi\u00f3n Nacional Antidrogas, a trav\u00e9s de su director ejecutivo, el licenciado Eduardo Loyola, particip\u00f3 en la inauguraci\u00f3n del Curso de formaci\u00f3n para Especialistas en Tratamiento, en las instalaciones de&#46;&#46;&#46;<\/p>\n","protected":false},"author":1,"featured_media":3939,"comment_status":"open","ping_status":"open","sticky":false,"template":"","format":"standard","meta":[],"categories":[9],"tags":[],"_links":{"self":[{"href":"https:\/\/www.seguridad.gob.sv\/cna\/index.php?rest_route=\/wp\/v2\/posts\/3931"}],"collection":[{"href":"https:\/\/www.seguridad.gob.sv\/cna\/index.php?rest_route=\/wp\/v2\/posts"}],"about":[{"href":"https:\/\/www.seguridad.gob.sv\/cna\/index.php?rest_route=\/wp\/v2\/types\/post"}],"author":[{"embeddable":true,"href":"https:\/\/www.seguridad.gob.sv\/cna\/index.php?rest_route=\/wp\/v2\/users\/1"}],"replies":[{"embeddable":true,"href":"https:\/\/www.seguridad.gob.sv\/cna\/index.php?rest_route=%2Fwp%2Fv2%2Fcomments&post=3931"}],"version-history":[{"count":8,"href":"https:\/\/www.seguridad.gob.sv\/cna\/index.php?rest_route=\/wp\/v2\/posts\/3931\/revisions"}],"predecessor-version":[{"id":3941,"href":"https:\/\/www.seguridad.gob.sv\/cna\/index.php?rest_route=\/wp\/v2\/posts\/3931\/revisions\/3941"}],"wp:featuredmedia":[{"embeddable":true,"href":"https:\/\/www.seguridad.gob.sv\/cna\/index.php?rest_route=\/wp\/v2\/media\/3939"}],"wp:attachment":[{"href":"https:\/\/www.seguridad.gob.sv\/cna\/index.php?rest_route=%2Fwp%2Fv2%2Fmedia&parent=3931"}],"wp:term":[{"taxonomy":"category","embeddable":true,"href":"https:\/\/www.seguridad.gob.sv\/cna\/index.php?rest_route=%2Fwp%2Fv2%2Fcategories&post=3931"},{"taxonomy":"post_tag","embeddable":true,"href":"https:\/\/www.seguridad.gob.sv\/cna\/index.php?rest_route=%2Fwp%2Fv2%2Ftags&post=3931"}],"curies":[{"name":"wp","href":"https:\/\/api.w.org\/{rel}","templated":true}]}}