{"id":3993,"date":"2022-11-23T16:51:20","date_gmt":"2022-11-23T16:51:20","guid":{"rendered":"https:\/\/www.seguridad.gob.sv\/cna\/?p=3993"},"modified":"2022-11-23T16:51:20","modified_gmt":"2022-11-23T16:51:20","slug":"autoridades-lanzan-el-primer-centro-de-tratamiento-especializado-en-adicciones-bajo-modalidad-residencial-en-el-salvador","status":"publish","type":"post","link":"https:\/\/www.seguridad.gob.sv\/cna\/?p=3993","title":{"rendered":"Autoridades lanzan el primer Centro de Tratamiento Especializado en Adicciones bajo modalidad residencial en El Salvador"},"content":{"rendered":"<div id=\"pl-3993\"  class=\"panel-layout\" ><div id=\"pg-3993-0\"  class=\"panel-grid panel-no-style\" ><div id=\"pgc-3993-0-0\"  class=\"panel-grid-cell panel-grid-cell-empty\" ><\/div><div id=\"pgc-3993-0-1\"  class=\"panel-grid-cell panel-grid-cell-mobile-last\" ><div id=\"panel-3993-0-1-0\" class=\"so-panel widget widget_media_image panel-first-child panel-last-child\" data-index=\"0\" ><img width=\"1024\" height=\"573\" src=\"https:\/\/www.seguridad.gob.sv\/cna\/wp-content\/uploads\/2022\/11\/IMG_0359-1024x573.jpg\" class=\"image wp-image-3995  attachment-large size-large\" alt=\"\" decoding=\"async\" loading=\"lazy\" style=\"max-width: 100%; height: auto;\" srcset=\"https:\/\/www.seguridad.gob.sv\/cna\/wp-content\/uploads\/2022\/11\/IMG_0359-1024x573.jpg 1024w, https:\/\/www.seguridad.gob.sv\/cna\/wp-content\/uploads\/2022\/11\/IMG_0359-300x168.jpg 300w, https:\/\/www.seguridad.gob.sv\/cna\/wp-content\/uploads\/2022\/11\/IMG_0359-768x430.jpg 768w, https:\/\/www.seguridad.gob.sv\/cna\/wp-content\/uploads\/2022\/11\/IMG_0359-1536x860.jpg 1536w, https:\/\/www.seguridad.gob.sv\/cna\/wp-content\/uploads\/2022\/11\/IMG_0359.jpg 1608w\" sizes=\"(max-width: 1024px) 100vw, 1024px\" \/><\/div><\/div><div id=\"pgc-3993-0-2\"  class=\"panel-grid-cell panel-grid-cell-empty\" ><\/div><\/div><div id=\"pg-3993-1\"  class=\"panel-grid panel-no-style\" ><div id=\"pgc-3993-1-0\"  class=\"panel-grid-cell\" ><div id=\"panel-3993-1-0-0\" class=\"so-panel widget widget_black-studio-tinymce widget_black_studio_tinymce panel-first-child panel-last-child\" data-index=\"1\" ><div class=\"textwidget\"><p style=\"text-align: justify;\"><span style=\"font-size: 14pt;\">Funcionarios gubernamentales dieron por inaugurado el que es el primer Centro de Tratamiento Especializado en Adicciones, bajo modalidad residencial, ubicado en Cuscatancingo.<\/span><\/p>\n<p style=\"text-align: justify;\"><span style=\"font-size: 14pt;\">El Centro de Tratamiento \u201cLa Esperanza\u201d no tiene antecedente a nivel nacional ni centroamericano, ya que no es un centro hospitalario, sino que opera como Comunidad Terap\u00e9utica, donde los usuarios son internados por periodos hasta de 6 meses, con atenci\u00f3n multidisciplinaria, brindada por el Centro de Prevenci\u00f3n y Tratamiento en Adicciones \u201cCPTA La Esperanza\u201d, una cl\u00ednica especializada en adicciones y salud mental de FOSALUD.<\/span><\/p>\n<p style=\"text-align: justify;\"><span style=\"font-size: 14pt;\">Desde la Direcci\u00f3n Ejecutiva de la Comisi\u00f3n Nacional Antidrogas se ha trabajado para optimizar profesionalmente la calidad de los servicios terap\u00e9uticos, manuales de procedimiento, protocolos de atenci\u00f3n, todo bajo est\u00e1ndares de calidad, y la mejora en infraestructura y equipamiento para dignificar las condiciones de los usuarios de este Centro de Tratamiento.<\/span><\/p>\n<p style=\"text-align: justify;\"><span style=\"font-size: 14pt;\">Al lanzamiento asistieron la Canciller de la Rep\u00fablica, Licda. Alexandra Hill; el se\u00f1or Viceministro de Salud, Dr. Carlos Alvarenga; el Director Ejecutivo del Fondo Solidario para la Salud (FOSALUD), Dr. Carlos Emilio N\u00fa\u00f1ez, y el Director Ejecutivo de la Comisi\u00f3n Nacional Antidrogas (CNA), Lic. Eduardo Loyola.<\/span><\/p>\n<p style=\"text-align: justify;\"><span style=\"font-size: 14pt;\">Las obras de infraestructura contaron con el apoyo financiero del Ministerio de Justicia y Seguridad P\u00fablica. El lanzamiento de este Centro de Tratamiento es una muestra m\u00e1s del compromiso del gobierno del Presidente Nayib Bukele con la salud de toda la poblaci\u00f3n salvadore\u00f1a.<\/span><\/p>\n<\/div><\/div><\/div><\/div><div id=\"pg-3993-2\"  class=\"panel-grid panel-no-style\" ><div id=\"pgc-3993-2-0\"  class=\"panel-grid-cell\" ><div id=\"panel-3993-2-0-0\" class=\"so-panel widget widget_media_image panel-first-child panel-last-child\" data-index=\"2\" ><img width=\"1024\" height=\"662\" src=\"https:\/\/www.seguridad.gob.sv\/cna\/wp-content\/uploads\/2022\/11\/FiNCdl6WAAAhriw-1024x662.jpg\" class=\"image wp-image-4000  attachment-large size-large\" alt=\"\" decoding=\"async\" loading=\"lazy\" style=\"max-width: 100%; height: auto;\" srcset=\"https:\/\/www.seguridad.gob.sv\/cna\/wp-content\/uploads\/2022\/11\/FiNCdl6WAAAhriw-1024x662.jpg 1024w, https:\/\/www.seguridad.gob.sv\/cna\/wp-content\/uploads\/2022\/11\/FiNCdl6WAAAhriw-300x194.jpg 300w, https:\/\/www.seguridad.gob.sv\/cna\/wp-content\/uploads\/2022\/11\/FiNCdl6WAAAhriw-768x496.jpg 768w, https:\/\/www.seguridad.gob.sv\/cna\/wp-content\/uploads\/2022\/11\/FiNCdl6WAAAhriw.jpg 1280w\" sizes=\"(max-width: 1024px) 100vw, 1024px\" \/><\/div><\/div><div id=\"pgc-3993-2-1\"  class=\"panel-grid-cell\" ><div id=\"panel-3993-2-1-0\" class=\"so-panel widget widget_media_image panel-first-child panel-last-child\" data-index=\"3\" ><img width=\"1024\" height=\"662\" src=\"https:\/\/www.seguridad.gob.sv\/cna\/wp-content\/uploads\/2022\/11\/IMG_0358_mod-1024x662.jpg\" class=\"image wp-image-4006  attachment-large size-large\" alt=\"\" decoding=\"async\" loading=\"lazy\" style=\"max-width: 100%; height: auto;\" srcset=\"https:\/\/www.seguridad.gob.sv\/cna\/wp-content\/uploads\/2022\/11\/IMG_0358_mod-1024x662.jpg 1024w, https:\/\/www.seguridad.gob.sv\/cna\/wp-content\/uploads\/2022\/11\/IMG_0358_mod-300x194.jpg 300w, https:\/\/www.seguridad.gob.sv\/cna\/wp-content\/uploads\/2022\/11\/IMG_0358_mod-768x496.jpg 768w, https:\/\/www.seguridad.gob.sv\/cna\/wp-content\/uploads\/2022\/11\/IMG_0358_mod.jpg 1280w\" sizes=\"(max-width: 1024px) 100vw, 1024px\" \/><\/div><\/div><\/div><\/div>","protected":false},"excerpt":{"rendered":"<p>Funcionarios gubernamentales dieron por inaugurado el que es el primer Centro de Tratamiento Especializado en Adicciones, bajo modalidad residencial, ubicado en Cuscatancingo. El Centro de Tratamiento \u201cLa Esperanza\u201d no tiene antecedente a nivel nacional&#46;&#46;&#46;<\/p>\n","protected":false},"author":1,"featured_media":4009,"comment_status":"open","ping_status":"open","sticky":false,"template":"","format":"standard","meta":[],"categories":[9],"tags":[],"_links":{"self":[{"href":"https:\/\/www.seguridad.gob.sv\/cna\/index.php?rest_route=\/wp\/v2\/posts\/3993"}],"collection":[{"href":"https:\/\/www.seguridad.gob.sv\/cna\/index.php?rest_route=\/wp\/v2\/posts"}],"about":[{"href":"https:\/\/www.seguridad.gob.sv\/cna\/index.php?rest_route=\/wp\/v2\/types\/post"}],"author":[{"embeddable":true,"href":"https:\/\/www.seguridad.gob.sv\/cna\/index.php?rest_route=\/wp\/v2\/users\/1"}],"replies":[{"embeddable":true,"href":"https:\/\/www.seguridad.gob.sv\/cna\/index.php?rest_route=%2Fwp%2Fv2%2Fcomments&post=3993"}],"version-history":[{"count":13,"href":"https:\/\/www.seguridad.gob.sv\/cna\/index.php?rest_route=\/wp\/v2\/posts\/3993\/revisions"}],"predecessor-version":[{"id":4011,"href":"https:\/\/www.seguridad.gob.sv\/cna\/index.php?rest_route=\/wp\/v2\/posts\/3993\/revisions\/4011"}],"wp:featuredmedia":[{"embeddable":true,"href":"https:\/\/www.seguridad.gob.sv\/cna\/index.php?rest_route=\/wp\/v2\/media\/4009"}],"wp:attachment":[{"href":"https:\/\/www.seguridad.gob.sv\/cna\/index.php?rest_route=%2Fwp%2Fv2%2Fmedia&parent=3993"}],"wp:term":[{"taxonomy":"category","embeddable":true,"href":"https:\/\/www.seguridad.gob.sv\/cna\/index.php?rest_route=%2Fwp%2Fv2%2Fcategories&post=3993"},{"taxonomy":"post_tag","embeddable":true,"href":"https:\/\/www.seguridad.gob.sv\/cna\/index.php?rest_route=%2Fwp%2Fv2%2Ftags&post=3993"}],"curies":[{"name":"wp","href":"https:\/\/api.w.org\/{rel}","templated":true}]}}