{"id":4748,"date":"2023-06-05T20:51:18","date_gmt":"2023-06-05T20:51:18","guid":{"rendered":"https:\/\/www.seguridad.gob.sv\/cna\/?p=4748"},"modified":"2023-06-05T21:08:56","modified_gmt":"2023-06-05T21:08:56","slug":"reunion-del-sistema-de-alerta-temprana-sat-el-salvador","status":"publish","type":"post","link":"https:\/\/www.seguridad.gob.sv\/cna\/?p=4748","title":{"rendered":"Reuni\u00f3n del Sistema de Alerta Temprana (SAT), El Salvador"},"content":{"rendered":"<div id=\"pl-4748\"  class=\"panel-layout\" ><div id=\"pg-4748-0\"  class=\"panel-grid panel-no-style\" ><div id=\"pgc-4748-0-0\"  class=\"panel-grid-cell\" ><div id=\"panel-4748-0-0-0\" class=\"so-panel widget widget_media_image panel-first-child panel-last-child\" data-index=\"0\" ><img width=\"1024\" height=\"768\" src=\"https:\/\/www.seguridad.gob.sv\/cna\/wp-content\/uploads\/2023\/06\/20230523_091637-1024x768.jpg\" class=\"image wp-image-4750  attachment-large size-large\" alt=\"\" decoding=\"async\" loading=\"lazy\" style=\"max-width: 100%; height: auto;\" srcset=\"https:\/\/www.seguridad.gob.sv\/cna\/wp-content\/uploads\/2023\/06\/20230523_091637-1024x768.jpg 1024w, https:\/\/www.seguridad.gob.sv\/cna\/wp-content\/uploads\/2023\/06\/20230523_091637-300x225.jpg 300w, https:\/\/www.seguridad.gob.sv\/cna\/wp-content\/uploads\/2023\/06\/20230523_091637-768x576.jpg 768w, https:\/\/www.seguridad.gob.sv\/cna\/wp-content\/uploads\/2023\/06\/20230523_091637-1536x1152.jpg 1536w, https:\/\/www.seguridad.gob.sv\/cna\/wp-content\/uploads\/2023\/06\/20230523_091637-2048x1536.jpg 2048w\" sizes=\"(max-width: 1024px) 100vw, 1024px\" \/><\/div><\/div><div id=\"pgc-4748-0-1\"  class=\"panel-grid-cell\" ><div id=\"panel-4748-0-1-0\" class=\"so-panel widget widget_media_image panel-first-child panel-last-child\" data-index=\"1\" ><img width=\"1024\" height=\"768\" src=\"https:\/\/www.seguridad.gob.sv\/cna\/wp-content\/uploads\/2023\/06\/IMG_1422-1024x768.jpg\" class=\"image wp-image-4751  attachment-large size-large\" alt=\"\" decoding=\"async\" loading=\"lazy\" style=\"max-width: 100%; height: auto;\" srcset=\"https:\/\/www.seguridad.gob.sv\/cna\/wp-content\/uploads\/2023\/06\/IMG_1422-1024x768.jpg 1024w, https:\/\/www.seguridad.gob.sv\/cna\/wp-content\/uploads\/2023\/06\/IMG_1422-300x225.jpg 300w, https:\/\/www.seguridad.gob.sv\/cna\/wp-content\/uploads\/2023\/06\/IMG_1422-768x576.jpg 768w, https:\/\/www.seguridad.gob.sv\/cna\/wp-content\/uploads\/2023\/06\/IMG_1422-1536x1152.jpg 1536w, https:\/\/www.seguridad.gob.sv\/cna\/wp-content\/uploads\/2023\/06\/IMG_1422-2048x1536.jpg 2048w\" sizes=\"(max-width: 1024px) 100vw, 1024px\" \/><\/div><\/div><\/div><div id=\"pg-4748-1\"  class=\"panel-grid panel-no-style\" ><div id=\"pgc-4748-1-0\"  class=\"panel-grid-cell\" ><div id=\"panel-4748-1-0-0\" class=\"so-panel widget widget_black-studio-tinymce widget_black_studio_tinymce panel-first-child panel-last-child\" data-index=\"2\" ><div class=\"textwidget\"><p style=\"text-align: justify;\"><span style=\"font-size: 14pt; color: #000000;\">A finales del mes de mayo, se realiz\u00f3 la reuni\u00f3n del SAT, El Salvador, con la mesa t\u00e9cnica interinstitucional \u2013integrada por la Direcci\u00f3n Nacional de Medicamentos, FOSALUD, Ministerio de Salud, Instituto de Medicina Legal y la Polic\u00eda Nacional Civil\u2013, en las instalaciones del Centro de Investigaci\u00f3n Forense (CIF), de la PNC.<\/span><\/p>\n<p style=\"text-align: justify;\"><span style=\"font-size: 14pt; color: #000000;\">El SAT es implementado por la CNA, a trav\u00e9s del Observatorio Salvadore\u00f1o sobre drogas (OSD), que es el ente que lo coordina y articula, con el objetivo de detectar de manera eficiente las nuevas sustancias psicoactivas que ingresan al pa\u00eds.<\/span><\/p>\n<p style=\"text-align: justify;\"><span style=\"font-size: 14pt; color: #000000;\">El OSD recolecta la informaci\u00f3n sobre drogas sint\u00e9ticas, de las distintas fuentes del pa\u00eds y se apoya en una mesa t\u00e9cnica, en la cual participan las instituciones previamente mencionadas, para evaluar los riesgos y emitir las alertas p\u00fablicas que adviertan a la poblaci\u00f3n salvadore\u00f1a de los peligros del consumo de dichas sustancias.<\/span><\/p>\n<p style=\"text-align: justify;\"><span style=\"font-size: 14pt; color: #000000;\">Luego de la reuni\u00f3n del SAT, se hizo un recorrido guiado para conocer las instalaciones del CIF.<\/span><\/p>\n<p>&nbsp;<\/p>\n<\/div><\/div><\/div><\/div><\/div>","protected":false},"excerpt":{"rendered":"<p>A finales del mes de mayo, se realiz\u00f3 la reuni\u00f3n del SAT, El Salvador, con la mesa t\u00e9cnica interinstitucional \u2013integrada por la Direcci\u00f3n Nacional de Medicamentos, FOSALUD, Ministerio de Salud, Instituto de Medicina Legal&#46;&#46;&#46;<\/p>\n","protected":false},"author":1,"featured_media":4749,"comment_status":"open","ping_status":"open","sticky":false,"template":"","format":"standard","meta":[],"categories":[9],"tags":[],"_links":{"self":[{"href":"https:\/\/www.seguridad.gob.sv\/cna\/index.php?rest_route=\/wp\/v2\/posts\/4748"}],"collection":[{"href":"https:\/\/www.seguridad.gob.sv\/cna\/index.php?rest_route=\/wp\/v2\/posts"}],"about":[{"href":"https:\/\/www.seguridad.gob.sv\/cna\/index.php?rest_route=\/wp\/v2\/types\/post"}],"author":[{"embeddable":true,"href":"https:\/\/www.seguridad.gob.sv\/cna\/index.php?rest_route=\/wp\/v2\/users\/1"}],"replies":[{"embeddable":true,"href":"https:\/\/www.seguridad.gob.sv\/cna\/index.php?rest_route=%2Fwp%2Fv2%2Fcomments&post=4748"}],"version-history":[{"count":11,"href":"https:\/\/www.seguridad.gob.sv\/cna\/index.php?rest_route=\/wp\/v2\/posts\/4748\/revisions"}],"predecessor-version":[{"id":4765,"href":"https:\/\/www.seguridad.gob.sv\/cna\/index.php?rest_route=\/wp\/v2\/posts\/4748\/revisions\/4765"}],"wp:featuredmedia":[{"embeddable":true,"href":"https:\/\/www.seguridad.gob.sv\/cna\/index.php?rest_route=\/wp\/v2\/media\/4749"}],"wp:attachment":[{"href":"https:\/\/www.seguridad.gob.sv\/cna\/index.php?rest_route=%2Fwp%2Fv2%2Fmedia&parent=4748"}],"wp:term":[{"taxonomy":"category","embeddable":true,"href":"https:\/\/www.seguridad.gob.sv\/cna\/index.php?rest_route=%2Fwp%2Fv2%2Fcategories&post=4748"},{"taxonomy":"post_tag","embeddable":true,"href":"https:\/\/www.seguridad.gob.sv\/cna\/index.php?rest_route=%2Fwp%2Fv2%2Ftags&post=4748"}],"curies":[{"name":"wp","href":"https:\/\/api.w.org\/{rel}","templated":true}]}}