{"id":5120,"date":"2023-07-12T17:39:08","date_gmt":"2023-07-12T17:39:08","guid":{"rendered":"https:\/\/www.seguridad.gob.sv\/cna\/?p=5120"},"modified":"2023-07-12T17:39:08","modified_gmt":"2023-07-12T17:39:08","slug":"cna-inaugura-seminario-sobre-sistemas-de-alerta-temprana","status":"publish","type":"post","link":"https:\/\/www.seguridad.gob.sv\/cna\/?p=5120","title":{"rendered":"CNA INAUGURA SEMINARIO SOBRE SISTEMAS DE ALERTA TEMPRANA"},"content":{"rendered":"<div id=\"pl-5120\"  class=\"panel-layout\" ><div id=\"pg-5120-0\"  class=\"panel-grid panel-no-style\" ><div id=\"pgc-5120-0-0\"  class=\"panel-grid-cell\" ><div id=\"panel-5120-0-0-0\" class=\"so-panel widget widget_media_image panel-first-child panel-last-child\" data-index=\"0\" ><img width=\"1600\" height=\"1331\" src=\"https:\/\/www.seguridad.gob.sv\/cna\/wp-content\/uploads\/2023\/07\/WhatsApp-Image-2023-07-12-at-11.13.05-AM.jpeg\" class=\"image wp-image-5121  attachment-full size-full\" alt=\"\" decoding=\"async\" loading=\"lazy\" style=\"max-width: 100%; height: auto;\" srcset=\"https:\/\/www.seguridad.gob.sv\/cna\/wp-content\/uploads\/2023\/07\/WhatsApp-Image-2023-07-12-at-11.13.05-AM.jpeg 1600w, https:\/\/www.seguridad.gob.sv\/cna\/wp-content\/uploads\/2023\/07\/WhatsApp-Image-2023-07-12-at-11.13.05-AM-300x250.jpeg 300w, https:\/\/www.seguridad.gob.sv\/cna\/wp-content\/uploads\/2023\/07\/WhatsApp-Image-2023-07-12-at-11.13.05-AM-1024x852.jpeg 1024w, https:\/\/www.seguridad.gob.sv\/cna\/wp-content\/uploads\/2023\/07\/WhatsApp-Image-2023-07-12-at-11.13.05-AM-768x639.jpeg 768w, https:\/\/www.seguridad.gob.sv\/cna\/wp-content\/uploads\/2023\/07\/WhatsApp-Image-2023-07-12-at-11.13.05-AM-1536x1278.jpeg 1536w\" sizes=\"(max-width: 1600px) 100vw, 1600px\" \/><\/div><\/div><\/div><div id=\"pg-5120-1\"  class=\"panel-grid panel-no-style\" ><div id=\"pgc-5120-1-0\"  class=\"panel-grid-cell\" ><div id=\"panel-5120-1-0-0\" class=\"so-panel widget widget_black-studio-tinymce widget_black_studio_tinymce panel-first-child panel-last-child\" data-index=\"1\" ><div class=\"textwidget\"><p style=\"text-align: justify;\"><span style=\"font-size: 14pt;\">Recientemente, el Director Ejecutivo, Eduardo Loyola, junto a la Directora del Observatorio Interamericano de la CICAD-OEA, Marya Hynes, inauguraron el Seminario Regional sobre Sistemas de Alerta Temprana, donde participan expertos de m\u00e1s de 11 pa\u00edses de la regi\u00f3n.<\/span><\/p>\n<p style=\"text-align: justify;\"><span style=\"font-size: 14pt;\">El Salvador ha sido escogido como sede y anfitri\u00f3n de este importante evento internacional, gracias a sus buenas pr\u00e1cticas con el Sistema de Alerta Temprana del Observatorio Salvadore\u00f1o de Drogas, para identificar el ingreso al pa\u00eds de nuevas sustancias psicoactivas que podr\u00edan poner en riesgo la salud de la poblaci\u00f3n salvadore\u00f1a.<\/span><\/p>\n<p style=\"text-align: justify;\"><span style=\"font-size: 14pt;\">Este seminario busca, entre otros objetivos, el fortalecimiento de las capacidades de los Observatorios Nacionales de Drogas de los Estados Miembros de la OEA, con el inter\u00e9s de un mejor desarrollo de los Sistemas de Alerta Temprana que existen en Am\u00e9rica Latina y el Caribe.<\/span><\/p>\n<\/div><\/div><\/div><\/div><\/div>","protected":false},"excerpt":{"rendered":"<p>Recientemente, el Director Ejecutivo, Eduardo Loyola, junto a la Directora del Observatorio Interamericano de la CICAD-OEA, Marya Hynes, inauguraron el Seminario Regional sobre Sistemas de Alerta Temprana, donde participan expertos de m\u00e1s de 11&#46;&#46;&#46;<\/p>\n","protected":false},"author":1,"featured_media":5130,"comment_status":"open","ping_status":"open","sticky":false,"template":"","format":"standard","meta":[],"categories":[9],"tags":[],"_links":{"self":[{"href":"https:\/\/www.seguridad.gob.sv\/cna\/index.php?rest_route=\/wp\/v2\/posts\/5120"}],"collection":[{"href":"https:\/\/www.seguridad.gob.sv\/cna\/index.php?rest_route=\/wp\/v2\/posts"}],"about":[{"href":"https:\/\/www.seguridad.gob.sv\/cna\/index.php?rest_route=\/wp\/v2\/types\/post"}],"author":[{"embeddable":true,"href":"https:\/\/www.seguridad.gob.sv\/cna\/index.php?rest_route=\/wp\/v2\/users\/1"}],"replies":[{"embeddable":true,"href":"https:\/\/www.seguridad.gob.sv\/cna\/index.php?rest_route=%2Fwp%2Fv2%2Fcomments&post=5120"}],"version-history":[{"count":10,"href":"https:\/\/www.seguridad.gob.sv\/cna\/index.php?rest_route=\/wp\/v2\/posts\/5120\/revisions"}],"predecessor-version":[{"id":5132,"href":"https:\/\/www.seguridad.gob.sv\/cna\/index.php?rest_route=\/wp\/v2\/posts\/5120\/revisions\/5132"}],"wp:featuredmedia":[{"embeddable":true,"href":"https:\/\/www.seguridad.gob.sv\/cna\/index.php?rest_route=\/wp\/v2\/media\/5130"}],"wp:attachment":[{"href":"https:\/\/www.seguridad.gob.sv\/cna\/index.php?rest_route=%2Fwp%2Fv2%2Fmedia&parent=5120"}],"wp:term":[{"taxonomy":"category","embeddable":true,"href":"https:\/\/www.seguridad.gob.sv\/cna\/index.php?rest_route=%2Fwp%2Fv2%2Fcategories&post=5120"},{"taxonomy":"post_tag","embeddable":true,"href":"https:\/\/www.seguridad.gob.sv\/cna\/index.php?rest_route=%2Fwp%2Fv2%2Ftags&post=5120"}],"curies":[{"name":"wp","href":"https:\/\/api.w.org\/{rel}","templated":true}]}}