{"id":5335,"date":"2024-02-28T14:46:58","date_gmt":"2024-02-28T14:46:58","guid":{"rendered":"https:\/\/www.seguridad.gob.sv\/cna\/?p=5335"},"modified":"2024-02-28T14:48:53","modified_gmt":"2024-02-28T14:48:53","slug":"inauguracion-del-curso-de-prevencion-de-consumo-de-sustancias-en-mujeres","status":"publish","type":"post","link":"https:\/\/www.seguridad.gob.sv\/cna\/?p=5335","title":{"rendered":"Inauguraci\u00f3n del Curso de prevenci\u00f3n de consumo de sustancias en mujeres"},"content":{"rendered":"<div id=\"pl-5335\"  class=\"panel-layout\" ><div id=\"pg-5335-0\"  class=\"panel-grid panel-no-style\" ><div id=\"pgc-5335-0-0\"  class=\"panel-grid-cell panel-grid-cell-empty\" ><\/div><div id=\"pgc-5335-0-1\"  class=\"panel-grid-cell panel-grid-cell-mobile-last\" ><div id=\"panel-5335-0-1-0\" class=\"so-panel widget widget_media_image panel-first-child panel-last-child\" data-index=\"0\" ><img width=\"1024\" height=\"656\" src=\"https:\/\/www.seguridad.gob.sv\/cna\/wp-content\/uploads\/2024\/02\/IMG-20240227-WA0081-1024x656.jpg\" class=\"image wp-image-5337  attachment-large size-large\" alt=\"\" decoding=\"async\" loading=\"lazy\" style=\"max-width: 100%; height: auto;\" srcset=\"https:\/\/www.seguridad.gob.sv\/cna\/wp-content\/uploads\/2024\/02\/IMG-20240227-WA0081-1024x656.jpg 1024w, https:\/\/www.seguridad.gob.sv\/cna\/wp-content\/uploads\/2024\/02\/IMG-20240227-WA0081-300x192.jpg 300w, https:\/\/www.seguridad.gob.sv\/cna\/wp-content\/uploads\/2024\/02\/IMG-20240227-WA0081-768x492.jpg 768w, https:\/\/www.seguridad.gob.sv\/cna\/wp-content\/uploads\/2024\/02\/IMG-20240227-WA0081-1536x984.jpg 1536w, https:\/\/www.seguridad.gob.sv\/cna\/wp-content\/uploads\/2024\/02\/IMG-20240227-WA0081.jpg 1600w\" sizes=\"(max-width: 1024px) 100vw, 1024px\" \/><\/div><\/div><div id=\"pgc-5335-0-2\"  class=\"panel-grid-cell panel-grid-cell-empty\" ><\/div><\/div><div id=\"pg-5335-1\"  class=\"panel-grid panel-no-style\" ><div id=\"pgc-5335-1-0\"  class=\"panel-grid-cell\" ><div id=\"panel-5335-1-0-0\" class=\"so-panel widget widget_black-studio-tinymce widget_black_studio_tinymce panel-first-child panel-last-child\" data-index=\"1\" ><div class=\"textwidget\"><p style=\"text-align: justify;\"><span style=\"font-size: 14pt; font-family: arial, helvetica, sans-serif;\">El consumo de sustancias por parte de las mujeres tiene diversas causas, que van desde factores sociales y econ\u00f3micos hasta problemas de salud mental, violencia dom\u00e9stica y dolor emocional. Es un problema que incide en las diversas \u00e1reas de la vida de una mujer: el trabajo, la familia y sus relaciones interpersonales; por tal raz\u00f3n, esta semana fue la inauguraci\u00f3n de las sesiones finales del \u201cPrograma de Capacitaci\u00f3n del Curr\u00edculum de Intervenci\u00f3n en mujeres que han estado expuestas al uso de Sustancias, WISE\u201d, por sus siglas en ingl\u00e9s.<\/span><\/p>\n<p style=\"text-align: justify;\"><span style=\"font-size: 14pt; font-family: arial, helvetica, sans-serif;\">El acto protocolar cont\u00f3 con la participaci\u00f3n de la Dra. Daysi de G\u00f3mez, Rectora de la Universidad Salvadore\u00f1a Alberto Masferrer (USAM); la Licda. Jimena Kalawski, Jefa de Reducci\u00f3n de la Demanda la Comisi\u00f3n Interamericana para el Control del Abuso de Drogas (CICAD-OEA); el Dr. Juan Carlos Roncal, Representante de la Organizaci\u00f3n de Estados Americanos (OEA) en El Salvador y el Lic. Eduardo Loyola, Director Ejecutivo de la CNA.<\/span><\/p>\n<p style=\"text-align: justify;\"><span style=\"font-size: 14pt; font-family: arial, helvetica, sans-serif;\">La importancia de capacitaciones como esta radica en que se busca entender la especificidad del tratamiento con enfoque hacia la mujer, sus particularidades y su propio abordaje. En este curso han participado diferentes instituciones entre ellas la CNA, FOSALUD, el ISSS y ONG\u00b4s relacionadas al tema; de esta manera la CNA contin\u00faa mostrando su compromiso en la formaci\u00f3n integral, espec\u00edficamente para la intervenci\u00f3n en mujeres con problemas de uso de sustancias.<\/span><\/p>\n<p>&nbsp;<\/p>\n<p>&nbsp;<\/p>\n<p>&nbsp;<\/p>\n<p>&nbsp;<\/p>\n<\/div><\/div><\/div><\/div><\/div>","protected":false},"excerpt":{"rendered":"<p>El consumo de sustancias por parte de las mujeres tiene diversas causas, que van desde factores sociales y econ\u00f3micos hasta problemas de salud mental, violencia dom\u00e9stica y dolor emocional. Es un problema que incide&#46;&#46;&#46;<\/p>\n","protected":false},"author":1,"featured_media":5336,"comment_status":"open","ping_status":"open","sticky":false,"template":"","format":"standard","meta":[],"categories":[9],"tags":[],"_links":{"self":[{"href":"https:\/\/www.seguridad.gob.sv\/cna\/index.php?rest_route=\/wp\/v2\/posts\/5335"}],"collection":[{"href":"https:\/\/www.seguridad.gob.sv\/cna\/index.php?rest_route=\/wp\/v2\/posts"}],"about":[{"href":"https:\/\/www.seguridad.gob.sv\/cna\/index.php?rest_route=\/wp\/v2\/types\/post"}],"author":[{"embeddable":true,"href":"https:\/\/www.seguridad.gob.sv\/cna\/index.php?rest_route=\/wp\/v2\/users\/1"}],"replies":[{"embeddable":true,"href":"https:\/\/www.seguridad.gob.sv\/cna\/index.php?rest_route=%2Fwp%2Fv2%2Fcomments&post=5335"}],"version-history":[{"count":4,"href":"https:\/\/www.seguridad.gob.sv\/cna\/index.php?rest_route=\/wp\/v2\/posts\/5335\/revisions"}],"predecessor-version":[{"id":5341,"href":"https:\/\/www.seguridad.gob.sv\/cna\/index.php?rest_route=\/wp\/v2\/posts\/5335\/revisions\/5341"}],"wp:featuredmedia":[{"embeddable":true,"href":"https:\/\/www.seguridad.gob.sv\/cna\/index.php?rest_route=\/wp\/v2\/media\/5336"}],"wp:attachment":[{"href":"https:\/\/www.seguridad.gob.sv\/cna\/index.php?rest_route=%2Fwp%2Fv2%2Fmedia&parent=5335"}],"wp:term":[{"taxonomy":"category","embeddable":true,"href":"https:\/\/www.seguridad.gob.sv\/cna\/index.php?rest_route=%2Fwp%2Fv2%2Fcategories&post=5335"},{"taxonomy":"post_tag","embeddable":true,"href":"https:\/\/www.seguridad.gob.sv\/cna\/index.php?rest_route=%2Fwp%2Fv2%2Ftags&post=5335"}],"curies":[{"name":"wp","href":"https:\/\/api.w.org\/{rel}","templated":true}]}}