{"id":5384,"date":"2024-05-06T19:52:46","date_gmt":"2024-05-06T19:52:46","guid":{"rendered":"https:\/\/www.seguridad.gob.sv\/cna\/?p=5384"},"modified":"2024-05-06T19:52:46","modified_gmt":"2024-05-06T19:52:46","slug":"lanzan-el-programa-de-prevencion-de-consumo-de-sustancias-con-vos","status":"publish","type":"post","link":"https:\/\/www.seguridad.gob.sv\/cna\/?p=5384","title":{"rendered":"Lanzan el Programa de prevenci\u00f3n de consumo de sustancias \u201cCon Vos\u201d"},"content":{"rendered":"<div id=\"pl-5384\"  class=\"panel-layout\" ><div id=\"pg-5384-0\"  class=\"panel-grid panel-no-style\" ><div id=\"pgc-5384-0-0\"  class=\"panel-grid-cell panel-grid-cell-empty\" ><\/div><div id=\"pgc-5384-0-1\"  class=\"panel-grid-cell panel-grid-cell-mobile-last\" ><div id=\"panel-5384-0-1-0\" class=\"so-panel widget widget_media_image panel-first-child panel-last-child\" data-index=\"0\" ><img width=\"1024\" height=\"768\" src=\"https:\/\/www.seguridad.gob.sv\/cna\/wp-content\/uploads\/2024\/05\/WhatsApp-Image-2024-05-06-at-1.47.33-PM-1024x768.jpeg\" class=\"image wp-image-5392  attachment-large size-large\" alt=\"\" decoding=\"async\" loading=\"lazy\" style=\"max-width: 100%; height: auto;\" srcset=\"https:\/\/www.seguridad.gob.sv\/cna\/wp-content\/uploads\/2024\/05\/WhatsApp-Image-2024-05-06-at-1.47.33-PM-1024x768.jpeg 1024w, https:\/\/www.seguridad.gob.sv\/cna\/wp-content\/uploads\/2024\/05\/WhatsApp-Image-2024-05-06-at-1.47.33-PM-300x225.jpeg 300w, https:\/\/www.seguridad.gob.sv\/cna\/wp-content\/uploads\/2024\/05\/WhatsApp-Image-2024-05-06-at-1.47.33-PM-768x576.jpeg 768w, https:\/\/www.seguridad.gob.sv\/cna\/wp-content\/uploads\/2024\/05\/WhatsApp-Image-2024-05-06-at-1.47.33-PM.jpeg 1280w\" sizes=\"(max-width: 1024px) 100vw, 1024px\" \/><\/div><\/div><div id=\"pgc-5384-0-2\"  class=\"panel-grid-cell panel-grid-cell-empty\" ><\/div><\/div><div id=\"pg-5384-1\"  class=\"panel-grid panel-no-style\" ><div id=\"pgc-5384-1-0\"  class=\"panel-grid-cell\" ><div id=\"panel-5384-1-0-0\" class=\"so-panel widget widget_black-studio-tinymce widget_black_studio_tinymce panel-first-child panel-last-child\" data-index=\"1\" ><div class=\"textwidget\"><h3 style=\"text-align: justify;\"><span style=\"font-size: 18pt;\">Recientemente se lanz\u00f3 el Programa de Prevenci\u00f3n de Consumo de Drogas para ni\u00f1os, ni\u00f1as y adolescentes CON VOS (Con Vida, Objetivos y Sue\u00f1os). \u201cCon Vos\u201d es un programa de Prevenci\u00f3n Universal, basado en evidencia cient\u00edfica, hecho por salvadore\u00f1os, para salvadore\u00f1os y que cumple con los est\u00e1ndares internacionales en prevenci\u00f3n de consumo de sustancias psicoactivas.<\/span><\/h3>\n<h3 style=\"text-align: justify;\">\n<span style=\"font-size: 18pt;\">El uso de drogas a edades tempranas aumenta las posibilidades de que una persona tenga problemas por consumo de sustancias. Por tal raz\u00f3n, prevenir el consumo temprano de drogas o de alcohol puede ser de gran ayuda para reducir estos riesgos.<\/span><\/h3>\n<h3 style=\"text-align: justify;\">\n<span style=\"font-size: 18pt;\">Al respecto el Programa de Prevenci\u00f3n sobre Drogas basado en Evidencia, \u201cCon Vos\u201d, busca ser un instrumento para prevenir el consumo de drogas en el \u00e1mbito educativo y desarrolla la metodolog\u00eda experiencial; el trabajo articulado entre el Ministerio de Educaci\u00f3n y la Comisi\u00f3n Nacional Antidrogas (CNA) ha permitido que este programa sea impartido en diferentes Centros Escolares de todo El Salvador, con el objetivo de prevenir el consumo de sustancias por parte de los<\/span><br \/>\n<span style=\"font-size: 18pt;\">alumnos.<\/span><\/h3>\n<\/div><\/div><\/div><\/div><\/div>","protected":false},"excerpt":{"rendered":"<p>Recientemente se lanz\u00f3 el Programa de Prevenci\u00f3n de Consumo de Drogas para ni\u00f1os, ni\u00f1as y adolescentes CON VOS (Con Vida, Objetivos y Sue\u00f1os). \u201cCon Vos\u201d es un programa de Prevenci\u00f3n Universal, basado en evidencia&#46;&#46;&#46;<\/p>\n","protected":false},"author":1,"featured_media":5400,"comment_status":"open","ping_status":"open","sticky":false,"template":"","format":"standard","meta":[],"categories":[9],"tags":[],"_links":{"self":[{"href":"https:\/\/www.seguridad.gob.sv\/cna\/index.php?rest_route=\/wp\/v2\/posts\/5384"}],"collection":[{"href":"https:\/\/www.seguridad.gob.sv\/cna\/index.php?rest_route=\/wp\/v2\/posts"}],"about":[{"href":"https:\/\/www.seguridad.gob.sv\/cna\/index.php?rest_route=\/wp\/v2\/types\/post"}],"author":[{"embeddable":true,"href":"https:\/\/www.seguridad.gob.sv\/cna\/index.php?rest_route=\/wp\/v2\/users\/1"}],"replies":[{"embeddable":true,"href":"https:\/\/www.seguridad.gob.sv\/cna\/index.php?rest_route=%2Fwp%2Fv2%2Fcomments&post=5384"}],"version-history":[{"count":13,"href":"https:\/\/www.seguridad.gob.sv\/cna\/index.php?rest_route=\/wp\/v2\/posts\/5384\/revisions"}],"predecessor-version":[{"id":5402,"href":"https:\/\/www.seguridad.gob.sv\/cna\/index.php?rest_route=\/wp\/v2\/posts\/5384\/revisions\/5402"}],"wp:featuredmedia":[{"embeddable":true,"href":"https:\/\/www.seguridad.gob.sv\/cna\/index.php?rest_route=\/wp\/v2\/media\/5400"}],"wp:attachment":[{"href":"https:\/\/www.seguridad.gob.sv\/cna\/index.php?rest_route=%2Fwp%2Fv2%2Fmedia&parent=5384"}],"wp:term":[{"taxonomy":"category","embeddable":true,"href":"https:\/\/www.seguridad.gob.sv\/cna\/index.php?rest_route=%2Fwp%2Fv2%2Fcategories&post=5384"},{"taxonomy":"post_tag","embeddable":true,"href":"https:\/\/www.seguridad.gob.sv\/cna\/index.php?rest_route=%2Fwp%2Fv2%2Ftags&post=5384"}],"curies":[{"name":"wp","href":"https:\/\/api.w.org\/{rel}","templated":true}]}}