{"id":6003,"date":"2024-10-23T19:43:51","date_gmt":"2024-10-23T19:43:51","guid":{"rendered":"https:\/\/www.seguridad.gob.sv\/cna\/?p=6003"},"modified":"2024-10-23T19:55:22","modified_gmt":"2024-10-23T19:55:22","slug":"graduacion-de-la-segunda-cohorte-en-el-curriculo-universal-de-tratamieto-utc","status":"publish","type":"post","link":"https:\/\/www.seguridad.gob.sv\/cna\/?p=6003","title":{"rendered":"Graduaci\u00f3n de la Segunda Cohorte en el Curr\u00edculo Universal de Tratamieto UTC"},"content":{"rendered":"<div id=\"pl-6003\"  class=\"panel-layout\" ><div id=\"pg-6003-0\"  class=\"panel-grid panel-no-style\" ><div id=\"pgc-6003-0-0\"  class=\"panel-grid-cell panel-grid-cell-empty\" ><\/div><div id=\"pgc-6003-0-1\"  class=\"panel-grid-cell panel-grid-cell-mobile-last\" ><div id=\"panel-6003-0-1-0\" class=\"so-panel widget widget_media_image panel-first-child panel-last-child\" data-index=\"0\" ><img width=\"2560\" height=\"1261\" src=\"https:\/\/www.seguridad.gob.sv\/cna\/wp-content\/uploads\/2024\/10\/KG_6509-scaled.jpg\" class=\"image wp-image-6004  attachment-full size-full\" alt=\"\" decoding=\"async\" loading=\"lazy\" style=\"max-width: 100%; height: auto;\" srcset=\"https:\/\/www.seguridad.gob.sv\/cna\/wp-content\/uploads\/2024\/10\/KG_6509-scaled.jpg 2560w, https:\/\/www.seguridad.gob.sv\/cna\/wp-content\/uploads\/2024\/10\/KG_6509-300x148.jpg 300w, https:\/\/www.seguridad.gob.sv\/cna\/wp-content\/uploads\/2024\/10\/KG_6509-1024x504.jpg 1024w, https:\/\/www.seguridad.gob.sv\/cna\/wp-content\/uploads\/2024\/10\/KG_6509-768x378.jpg 768w, https:\/\/www.seguridad.gob.sv\/cna\/wp-content\/uploads\/2024\/10\/KG_6509-1536x757.jpg 1536w, https:\/\/www.seguridad.gob.sv\/cna\/wp-content\/uploads\/2024\/10\/KG_6509-2048x1009.jpg 2048w\" sizes=\"(max-width: 2560px) 100vw, 2560px\" \/><\/div><\/div><div id=\"pgc-6003-0-2\"  class=\"panel-grid-cell panel-grid-cell-empty\" ><\/div><\/div><div id=\"pg-6003-1\"  class=\"panel-grid panel-no-style\" ><div id=\"pgc-6003-1-0\"  class=\"panel-grid-cell\" ><div id=\"panel-6003-1-0-0\" class=\"so-panel widget widget_black-studio-tinymce widget_black_studio_tinymce panel-first-child panel-last-child\" data-index=\"1\" ><div class=\"textwidget\"><p style=\"text-align: justify;\"><span style=\"font-size: 14pt; font-family: arial, helvetica, sans-serif;\">Este d\u00eda se realiz\u00f3 la graduaci\u00f3n de la segunda cohorte de profesionales salvadore\u00f1os que cursan el Curr\u00edculo Universal de Tratamiento (UTC) impartido por expertos certificados por Colombo Plan.<\/span><\/p>\n<p style=\"text-align: justify;\"><span style=\"font-size: 14pt; font-family: arial, helvetica, sans-serif;\">El Curr\u00edculo Universal de Tratamiento es un curso de 8 m\u00f3dulos dirigido a profesionales en tratamiento a personas con trastornos por uso de drogas. Es un curr\u00edculo elaborado por expertos internacionales pertenecientes a Colombo Plan.<\/span><\/p>\n<p style=\"text-align: justify;\"><span style=\"font-size: 14pt; font-family: arial, helvetica, sans-serif;\">Esta cohorte cuenta con 37 profesionales graduados que laboran tanto en organizaciones de la sociedad civil como en instituciones p\u00fablicas, incluyendo 20 representantes del Fondo Solidario para la Salud, entre m\u00e9dicos generales, psic\u00f3logos(as), enfermeros(as) y trabajadores sociales que laboran en los Centros de Prevenci\u00f3n y Tratamiento de Adicciones.<\/span><\/p>\n<p style=\"text-align: justify;\"><span style=\"font-size: 14pt; font-family: arial, helvetica, sans-serif;\">En el evento el Director de la Comisi\u00f3n Nacional Antidrogas, Eduardo Loyola enfatizo la importancia de este tipo de entrenamientos para el personal que atiende a personas con problemas por uso de sustancias y reitero su compromiso a continuar trabajando por la salud y bienestar de los salvadore\u00f1os.<\/span><\/p>\n<\/div><\/div><\/div><\/div><\/div>","protected":false},"excerpt":{"rendered":"<p>Este d\u00eda se realiz\u00f3 la graduaci\u00f3n de la segunda cohorte de profesionales salvadore\u00f1os que cursan el Curr\u00edculo Universal de Tratamiento (UTC) impartido por expertos certificados por Colombo Plan. El Curr\u00edculo Universal de Tratamiento es&#46;&#46;&#46;<\/p>\n","protected":false},"author":1,"featured_media":6004,"comment_status":"open","ping_status":"open","sticky":false,"template":"","format":"standard","meta":[],"categories":[9],"tags":[],"_links":{"self":[{"href":"https:\/\/www.seguridad.gob.sv\/cna\/index.php?rest_route=\/wp\/v2\/posts\/6003"}],"collection":[{"href":"https:\/\/www.seguridad.gob.sv\/cna\/index.php?rest_route=\/wp\/v2\/posts"}],"about":[{"href":"https:\/\/www.seguridad.gob.sv\/cna\/index.php?rest_route=\/wp\/v2\/types\/post"}],"author":[{"embeddable":true,"href":"https:\/\/www.seguridad.gob.sv\/cna\/index.php?rest_route=\/wp\/v2\/users\/1"}],"replies":[{"embeddable":true,"href":"https:\/\/www.seguridad.gob.sv\/cna\/index.php?rest_route=%2Fwp%2Fv2%2Fcomments&post=6003"}],"version-history":[{"count":8,"href":"https:\/\/www.seguridad.gob.sv\/cna\/index.php?rest_route=\/wp\/v2\/posts\/6003\/revisions"}],"predecessor-version":[{"id":6017,"href":"https:\/\/www.seguridad.gob.sv\/cna\/index.php?rest_route=\/wp\/v2\/posts\/6003\/revisions\/6017"}],"wp:featuredmedia":[{"embeddable":true,"href":"https:\/\/www.seguridad.gob.sv\/cna\/index.php?rest_route=\/wp\/v2\/media\/6004"}],"wp:attachment":[{"href":"https:\/\/www.seguridad.gob.sv\/cna\/index.php?rest_route=%2Fwp%2Fv2%2Fmedia&parent=6003"}],"wp:term":[{"taxonomy":"category","embeddable":true,"href":"https:\/\/www.seguridad.gob.sv\/cna\/index.php?rest_route=%2Fwp%2Fv2%2Fcategories&post=6003"},{"taxonomy":"post_tag","embeddable":true,"href":"https:\/\/www.seguridad.gob.sv\/cna\/index.php?rest_route=%2Fwp%2Fv2%2Ftags&post=6003"}],"curies":[{"name":"wp","href":"https:\/\/api.w.org\/{rel}","templated":true}]}}