{"id":969,"date":"2018-04-20T20:19:58","date_gmt":"2018-04-20T20:19:58","guid":{"rendered":"http:\/\/localhost\/observatorio\/?p=969"},"modified":"2018-05-09T10:01:09","modified_gmt":"2018-05-09T10:01:09","slug":"situacion-del-narcotrafico","status":"publish","type":"post","link":"https:\/\/www.seguridad.gob.sv\/cna\/?p=969","title":{"rendered":"Situaci\u00f3n del Narcotr\u00e1fico, Prevalencias de Consumo en El Salvador y Tendencias en la Regi\u00f3n Centroamericana."},"content":{"rendered":"<div id=\"attachment_295\" style=\"width: 458px\" class=\"wp-caption aligncenter\"><a href=\"https:\/\/www.seguridad.gob.sv\/cna\/wp-content\/uploads\/2018\/04\/El-Salvador-Situacion-Narcotrafico-y-Consumo.pdf\" target=\"_blank\" rel=\"noopener\"><img aria-describedby=\"caption-attachment-295\" decoding=\"async\" loading=\"lazy\" class=\"wp-image-295\" src=\"https:\/\/www.seguridad.gob.sv\/cna\/wp-content\/uploads\/2018\/04\/situacion-narcotrafico.jpg\" alt=\"Familia Fuertes\" width=\"448\" height=\"580\" \/><\/a><p id=\"caption-attachment-295\" class=\"wp-caption-text\">Presione sobre la Imagen para descargar el documento<\/p><\/div>\n<p style=\"text-align: justify;\">El presente documento pretende mostrar la situaci\u00f3n del narcotr\u00e1fico y las tendencias de consumo en El Salvador y en la Regi\u00f3n Centroam\u00e9rica, el documento contiene datos estad\u00edsticos en el campo de reducci\u00f3n de la demanda y reducci\u00f3n de la oferta, a fin de tener una visi\u00f3n del problema en el pa\u00eds y lo que acontece en la regi\u00f3n.<\/p>\n<p>&nbsp;<\/p>\n","protected":false},"excerpt":{"rendered":"<p>El presente documento pretende mostrar la situaci\u00f3n del narcotr\u00e1fico y las tendencias de consumo en El Salvador y en la Regi\u00f3n Centroam\u00e9rica, el documento contiene datos estad\u00edsticos en el campo de reducci\u00f3n de la&#46;&#46;&#46;<\/p>\n","protected":false},"author":1,"featured_media":968,"comment_status":"open","ping_status":"open","sticky":false,"template":"","format":"standard","meta":[],"categories":[30],"tags":[],"_links":{"self":[{"href":"https:\/\/www.seguridad.gob.sv\/cna\/index.php?rest_route=\/wp\/v2\/posts\/969"}],"collection":[{"href":"https:\/\/www.seguridad.gob.sv\/cna\/index.php?rest_route=\/wp\/v2\/posts"}],"about":[{"href":"https:\/\/www.seguridad.gob.sv\/cna\/index.php?rest_route=\/wp\/v2\/types\/post"}],"author":[{"embeddable":true,"href":"https:\/\/www.seguridad.gob.sv\/cna\/index.php?rest_route=\/wp\/v2\/users\/1"}],"replies":[{"embeddable":true,"href":"https:\/\/www.seguridad.gob.sv\/cna\/index.php?rest_route=%2Fwp%2Fv2%2Fcomments&post=969"}],"version-history":[{"count":9,"href":"https:\/\/www.seguridad.gob.sv\/cna\/index.php?rest_route=\/wp\/v2\/posts\/969\/revisions"}],"predecessor-version":[{"id":1629,"href":"https:\/\/www.seguridad.gob.sv\/cna\/index.php?rest_route=\/wp\/v2\/posts\/969\/revisions\/1629"}],"wp:featuredmedia":[{"embeddable":true,"href":"https:\/\/www.seguridad.gob.sv\/cna\/index.php?rest_route=\/wp\/v2\/media\/968"}],"wp:attachment":[{"href":"https:\/\/www.seguridad.gob.sv\/cna\/index.php?rest_route=%2Fwp%2Fv2%2Fmedia&parent=969"}],"wp:term":[{"taxonomy":"category","embeddable":true,"href":"https:\/\/www.seguridad.gob.sv\/cna\/index.php?rest_route=%2Fwp%2Fv2%2Fcategories&post=969"},{"taxonomy":"post_tag","embeddable":true,"href":"https:\/\/www.seguridad.gob.sv\/cna\/index.php?rest_route=%2Fwp%2Fv2%2Ftags&post=969"}],"curies":[{"name":"wp","href":"https:\/\/api.w.org\/{rel}","templated":true}]}}